{"id":338,"date":"2019-03-09T17:05:32","date_gmt":"2019-03-09T17:05:32","guid":{"rendered":"http:\/\/www.ironicka-blondyna.cz\/?p=338"},"modified":"2021-07-28T06:38:37","modified_gmt":"2021-07-28T06:38:37","slug":"4-recko-historie-drogy-z-autobaterek-a-blondyna-s-podezrelym-kufrem","status":"publish","type":"post","link":"http:\/\/www.ironicka-blondyna.cz\/index.php\/2019\/03\/09\/4-recko-historie-drogy-z-autobaterek-a-blondyna-s-podezrelym-kufrem\/","title":{"rendered":"#2 \u0158ecko: historie, drogy z autobaterek a blond\u00fdna s podez\u0159el\u00fdm kufrem"},"content":{"rendered":"<p style=\"text-align: left;\">Mil\u00fd den\u00ed\u010dku,<\/p>\n<p style=\"text-align: left;\">vzhledem k tomu, kolika zm\u011bnami jsem za posledn\u00ed rok pro\u0161la, v\u011bd\u011bla jsem, \u017ee i s leto\u0161n\u00edma narozkama chci ud\u011blat trochu zm\u011bnu. Tak\u017ee jsem zabalila v\u011bci do kufru a vydala se tam, kam pat\u0159\u00edm &#8211; za bohy a bohyn\u011bmi. Letu jsem se docela d\u011bsila, proto\u017ee jsem p\u00e1r dn\u00ed p\u0159ed odletem trochu onemocn\u011bla a zaj\u00edmala se na netu o to, jak moc se nedoporu\u010duje v takov\u00fdch situac\u00edch cestovat letadlem. Ale nad v\u0161emi t\u011bmi negativn\u00edmi koment\u00e1\u0159i jsem m\u00e1vla rukou a \u0159\u00edkala si, \u017ee lid\u00e9 p\u0159eh\u00e1n\u00ed. <!--more--><\/p>\n<p style=\"text-align: left;\">P\u0159i\u0161lo mi, \u017ee let samotn\u00fd trval stra\u0161n\u011b kr\u00e1tce, ale sp\u00ed\u0161e jsem se jenom za\u010detla do kn\u00ed\u017eky, kter\u00e1 m\u011bla p\u0159\u00edhodn\u00fd n\u00e1zev &#8222;D\u016fmysln\u00e9 um\u011bn\u00ed, jak m\u00edt v\u0161echno u pr**le&#8220;. Tu jsem ale p\u0159i kles\u00e1n\u00ed musela zahodit. Kdy\u017e pilot po\u017e\u00e1dal pos\u00e1dku, aby se p\u0159ipravila na p\u0159ist\u00e1n\u00ed, m\u011bla jsem na kraj\u00ed\u010dku. Nikoliv dojet\u00edm, ale \u0161\u00edlenou bolest\u00ed, kter\u00e1 se rozp\u00ednala od u\u0161\u00ed a\u017e po zuby a hlavu v\u016fbec. M\u011bla jsem co d\u011blat, abych neza\u010dala k\u0159i\u010det.<\/p>\n<p style=\"text-align: left;\">V\u011bd\u011bla jsem, \u017ee n\u011bkte\u0159\u00ed lid\u00e9 (zejm\u00e9na \u010ce\u0161i a n\u011bme\u010dt\u00ed d\u016fchodci) jsou zvykl\u00ed po p\u0159ist\u00e1n\u00ed tleskat. Myslela jsem ale, \u017ee je to pouze v p\u0159\u00edpadech, kdy se jedn\u00e1 o pom\u011brn\u011b hladk\u00e9 p\u0159ist\u00e1n\u00ed. Ne v\u017edycky to pochopiteln\u011b jde tak, aby si toho cestuj\u00edc\u00ed ani nev\u0161imli (nejde jenom o um\u011bn\u00ed pilota, ale taky o d\u00e9lku p\u0159ist\u00e1vac\u00ed dr\u00e1hy, proto\u017ee n\u011bkdy prost\u011b na vymazlen\u00e9 p\u0159ist\u00e1n\u00ed nen\u00ed dost prostoru&#8230;). Kdy\u017e jsem ka\u017edop\u00e1dn\u011b sly\u0161ela bou\u0159liv\u00fd potlesk po \u0161\u00edlen\u00e9 r\u00e1n\u011b, kter\u00e1 ohl\u00e1sila n\u00e1\u0161 p\u0159\u00edlet v\u0161em v okruhu 10 kilometr\u016f, bezpe\u010dn\u011b jsem v\u011bd\u011bla, \u017ee s n\u00e1mi v letadle byli \u010ce\u0161i.<\/p>\n<p><img data-recalc-dims=\"1\" loading=\"lazy\" decoding=\"async\" data-attachment-id=\"357\" data-permalink=\"http:\/\/www.ironicka-blondyna.cz\/index.php\/2019\/03\/09\/4-recko-historie-drogy-z-autobaterek-a-blondyna-s-podezrelym-kufrem\/img_3077-3\/\" data-orig-file=\"https:\/\/i0.wp.com\/www.ironicka-blondyna.cz\/wp-content\/uploads\/2019\/03\/IMG_3077-2.jpg?fit=4032%2C3024\" data-orig-size=\"4032,3024\" data-comments-opened=\"1\" data-image-meta=\"{&quot;aperture&quot;:&quot;1.8&quot;,&quot;credit&quot;:&quot;&quot;,&quot;camera&quot;:&quot;iPhone 7&quot;,&quot;caption&quot;:&quot;&quot;,&quot;created_timestamp&quot;:&quot;1551704239&quot;,&quot;copyright&quot;:&quot;&quot;,&quot;focal_length&quot;:&quot;3.99&quot;,&quot;iso&quot;:&quot;20&quot;,&quot;shutter_speed&quot;:&quot;0.000449034575662&quot;,&quot;title&quot;:&quot;&quot;,&quot;orientation&quot;:&quot;6&quot;}\" data-image-title=\"IMG_3077\" data-image-description=\"\" data-image-caption=\"\" data-medium-file=\"https:\/\/i0.wp.com\/www.ironicka-blondyna.cz\/wp-content\/uploads\/2019\/03\/IMG_3077-2.jpg?fit=300%2C225\" data-large-file=\"https:\/\/i0.wp.com\/www.ironicka-blondyna.cz\/wp-content\/uploads\/2019\/03\/IMG_3077-2.jpg?fit=656%2C492\" class=\"  wp-image-357 aligncenter\" src=\"https:\/\/i0.wp.com\/www.ironicka-blondyna.cz\/wp-content\/uploads\/2019\/03\/IMG_3077-2.jpg?resize=475%2C634\" alt=\"IMG_3077\" width=\"475\" height=\"634\" \/><\/p>\n<p>A pak za\u010dalo to prav\u00e9 dobrodru\u017estv\u00ed. Snad p\u016fl hodiny jsme \u0159e\u0161ily, jak\u00fdm zp\u016fsobem se dostaneme na zast\u00e1vku u na\u0161eho hotelu, co\u017e jsme nakonec stejn\u011b rozlouskly a\u017e s pomoc\u00ed pan\u00ed u kasy s j\u00edzdenkami. Pokud jsem to dob\u0159e pochopila, v Ath\u00e9n\u00e1ch se li\u0161\u00ed cena metra z leti\u0161t\u011b \u2013 kter\u00e1 n\u00e1s st\u00e1la 10 \u20ac \u2013 od cestov\u00e1n\u00ed po m\u011bst\u011b, kdy jsou j\u00edzdenky podstatn\u011b levn\u011bj\u0161\u00ed.<\/p>\n<p>Kuri\u00f3zn\u00ed bylo, \u017ee kdy\u017e jsme \u010dekali na n\u00e1stupi\u0161ti, jedna kolej byla ozna\u010dena jako vlak, druh\u00e1 jako metro. Souprava, kter\u00e1 p\u0159ijela, vypadala uvnit\u0159 docela hezky, ale zven\u010d\u00ed byla dost posprejovan\u00e1 \u2013 jako ostatn\u011b t\u00e9m\u011b\u0159 v\u0161e v Ath\u00e9n\u00e1ch. Nen\u00ed divu, \u0158ekov\u00e9 m\u011bli k um\u011bn\u00ed v\u017edycky bl\u00edzko. Metrem jsme jely snad 45 minut a na ka\u017ed\u00e9 zast\u00e1vce pan\u00ed hl\u00e1sila krom\u011b n\u00e1zvu zast\u00e1vky tak\u00e9 upozorn\u011bn\u00ed, abychom si d\u00e1vali pozor na sv\u00e9 osobn\u00ed v\u011bci. Nutno podotknout, \u017ee s ka\u017edou dal\u0161\u00ed zast\u00e1vkou a dal\u0161\u00edmi p\u0159istupuj\u00edc\u00edmi jsem to hl\u00e1\u0161en\u00ed za\u010d\u00ednala v\u00edc a v\u00edc ch\u00e1pat.<\/p>\n<p>Kdy\u017e jsme nakonec dorazily na n\u00e1m\u011bst\u00ed Omonia, zd\u011bsila jsem se. Vypadalo to jako v nejhor\u0161\u00ed ostravsk\u00e9 \u010dtvrti. Zapadly jsme na hotel, kde n\u00e1s p\u0159iv\u00edtal mil\u00fd recep\u010dn\u00ed, a \u0159\u00edkaly si, \u017ee snad do konce pobytu nevylezeme ven. Jen\u017ee sta\u010dilo p\u00e1r minut a usoudily jsme, \u017ee bez vody a n\u011bjak\u00e9ho men\u0161\u00edho j\u00eddla asi stejn\u011b do r\u00e1na nevydr\u017e\u00edme.<\/p>\n<p>Nebudu lh\u00e1t a p\u0159izn\u00e1m, \u017ee se mi cht\u011blo docela bre\u010det. Vy\u010d\u00edtala jsem si, \u017ee jsme se po\u0159\u00e1dn\u011b nepod\u00edvaly na mapy, proto\u017ee okol\u00ed vypadalo p\u0159\u00ed\u0161ern\u011b. Kdy\u017e jsme sch\u00e1zely po ru\u0161n\u00e9 ulici kolem Viktoriina n\u00e1m\u011bst\u00ed, za\u010d\u00ednala jsem se v\u00e1\u017en\u011b b\u00e1t. Po asi kilometru jsme na\u0161ly obrovskou pek\u00e1rnu s nep\u0159ebern\u00fdm mno\u017estv\u00edm dort\u00edk\u016f, pe\u010diva, oblo\u017een\u00fdch housek, baget, sal\u00e1t\u016f a na\u0161t\u011bst\u00ed taky vody. Posb\u00edraly jsme si p\u00e1r v\u011bc\u00ed a rad\u011bji se vr\u00e1tily zp\u00e1tky na pokoj.<\/p>\n<h3>BLOND\u00ddNA A MUSLIMOV\u00c9<\/h3>\n<p>R\u00e1no v\u0161echno vypadalo trochu jinak, lip. Individua, kter\u00e1 jsme potkaly ve\u010der, m\u011bla v tuhle dobu p\u016flnoc, ulice byly klidn\u00e9 a \u010dist\u00e9 a ve vzduchu p\u0159\u00edjemn\u011b von\u011blo \u010derstv\u00e9 pe\u010divo, kter\u00e9 se prod\u00e1valo u nejr\u016fzn\u011bj\u0161\u00edch st\u00e1nk\u016f. Vyrazily jsme do nejbli\u017e\u0161\u00ed pek\u00e1rny, kde jsem si jako narozeninovou sn\u00eddani dop\u0159\u00e1la n\u011bjak\u00fd v\u00fdborn\u00fd Oreo kr\u00e9m a cappucino. Docela m\u011b pobavilo, \u017ee kdy\u017e jsme do stejn\u00e9 pek\u00e1rny p\u0159i\u0161ly na sn\u00eddani i druh\u00fd den, u\u017e z d\u00e1lky na n\u00e1s mlad\u00fd \u0158ek od pultu volal: &#8222;Cappucino?&#8220;.<\/p>\n<p><img data-recalc-dims=\"1\" loading=\"lazy\" decoding=\"async\" data-attachment-id=\"341\" data-permalink=\"http:\/\/www.ironicka-blondyna.cz\/index.php\/2019\/03\/09\/4-recko-historie-drogy-z-autobaterek-a-blondyna-s-podezrelym-kufrem\/img_3329\/\" data-orig-file=\"https:\/\/i0.wp.com\/www.ironicka-blondyna.cz\/wp-content\/uploads\/2019\/03\/IMG_3329.jpg?fit=4032%2C3024\" data-orig-size=\"4032,3024\" data-comments-opened=\"1\" data-image-meta=\"{&quot;aperture&quot;:&quot;1.8&quot;,&quot;credit&quot;:&quot;&quot;,&quot;camera&quot;:&quot;iPhone 7&quot;,&quot;caption&quot;:&quot;&quot;,&quot;created_timestamp&quot;:&quot;1551871742&quot;,&quot;copyright&quot;:&quot;&quot;,&quot;focal_length&quot;:&quot;3.99&quot;,&quot;iso&quot;:&quot;32&quot;,&quot;shutter_speed&quot;:&quot;0.05&quot;,&quot;title&quot;:&quot;&quot;,&quot;orientation&quot;:&quot;1&quot;}\" data-image-title=\"IMG_3329\" data-image-description=\"\" data-image-caption=\"\" data-medium-file=\"https:\/\/i0.wp.com\/www.ironicka-blondyna.cz\/wp-content\/uploads\/2019\/03\/IMG_3329.jpg?fit=300%2C225\" data-large-file=\"https:\/\/i0.wp.com\/www.ironicka-blondyna.cz\/wp-content\/uploads\/2019\/03\/IMG_3329.jpg?fit=656%2C492\" class=\" wp-image-341 aligncenter\" src=\"https:\/\/i0.wp.com\/www.ironicka-blondyna.cz\/wp-content\/uploads\/2019\/03\/IMG_3329.jpg?resize=460%2C345\" alt=\"IMG_3329\" width=\"460\" height=\"345\" srcset=\"https:\/\/i0.wp.com\/www.ironicka-blondyna.cz\/wp-content\/uploads\/2019\/03\/IMG_3329.jpg?w=4032 4032w, https:\/\/i0.wp.com\/www.ironicka-blondyna.cz\/wp-content\/uploads\/2019\/03\/IMG_3329.jpg?resize=300%2C225 300w, https:\/\/i0.wp.com\/www.ironicka-blondyna.cz\/wp-content\/uploads\/2019\/03\/IMG_3329.jpg?resize=768%2C576 768w, https:\/\/i0.wp.com\/www.ironicka-blondyna.cz\/wp-content\/uploads\/2019\/03\/IMG_3329.jpg?resize=1024%2C768 1024w, https:\/\/i0.wp.com\/www.ironicka-blondyna.cz\/wp-content\/uploads\/2019\/03\/IMG_3329.jpg?w=1312 1312w, https:\/\/i0.wp.com\/www.ironicka-blondyna.cz\/wp-content\/uploads\/2019\/03\/IMG_3329.jpg?w=1968 1968w\" sizes=\"auto, (max-width: 460px) 100vw, 460px\" \/><\/p>\n<p>Nem\u00e1m moc r\u00e1da sladk\u00e9, ale tomuhle ne\u0161lo odolat, chodily jsme tam ka\u017ed\u00e9 r\u00e1no a ka\u017ed\u00e9 r\u00e1no m\u011bly dal\u0161\u00ed a dal\u0161\u00ed z\u00e1\u017eitky. Jednou za n\u00e1mi p\u0159i\u0161el n\u011bjak\u00fd p\u0159ist\u011bhovalec, kter\u00fd m\u011b s \u00fasm\u011bvem upozornil na to, \u017ee mi spadl plastov\u00fd p\u0159\u00edbor. Pak se nasn\u00eddal, k\u00fdvl sm\u011brem ke sv\u00e9mu batohu a ode\u0161el pry\u010d. Nerada m\u00edv\u00e1m p\u0159edsudky, ale za\u010d\u00ednala jsem panika\u0159it. Ten batoh toti\u017e nevypadal moc d\u016fv\u011bryhodn\u011b.<\/p>\n<p>&#8222;Co kdy\u017e v tom n\u011bco m\u00e1? J\u00e1 bych nejrad\u0161i \u0161la&#8230;&#8220; \u0161pitla jsem ned\u016fv\u011b\u0159iv\u011b.<\/p>\n<p>&#8222;Ale tak to je blb\u00e9, v\u00ed\u0161co&#8230; A j\u00e1 bych nav\u00edc pot\u0159ebovala taky na z\u00e1chod, ne\u017e p\u016fjdeme.&#8220;<\/p>\n<p>&#8222;Jen b\u011b\u017e. Ale j\u00e1 po\u010dk\u00e1m venku!&#8220;<\/p>\n<p>&#8222;Co\u017ee? Ty bys m\u011b tady nechala?&#8220;<\/p>\n<p>&#8222;Nenechala. J\u00e1 bych \u010dekala venku&#8230; Kdyby kolem m\u011b n\u00e1hodou prolet\u011bla t\u0159eba tvoje noha, tak ji chyt\u00edm, neboj.&#8220;<\/p>\n<p>Nakonec se na\u0161t\u011bst\u00ed onen muslim vyno\u0159il od toalet a usadil se zp\u00e1tky ke sv\u00e9mu batohu.<\/p>\n<p>Jin\u00fd den jsem zase p\u0159i sn\u00eddani zvedla hlavu a vid\u011bla, jak si m\u011b jeden ze skupinky t\u0159\u00ed chlap\u016f od vedlej\u0161\u00edho stolu streamuje. Rad\u011bji jsem d\u011blala, \u017ee to nevid\u00edm a snad ani nechci v\u011bd\u011bt, kam to pos\u00edlal.<\/p>\n<p><img data-recalc-dims=\"1\" loading=\"lazy\" decoding=\"async\" data-attachment-id=\"347\" data-permalink=\"http:\/\/www.ironicka-blondyna.cz\/index.php\/2019\/03\/09\/4-recko-historie-drogy-z-autobaterek-a-blondyna-s-podezrelym-kufrem\/img_3178\/\" data-orig-file=\"https:\/\/i0.wp.com\/www.ironicka-blondyna.cz\/wp-content\/uploads\/2019\/03\/IMG_3178.jpg?fit=4032%2C3024\" data-orig-size=\"4032,3024\" data-comments-opened=\"1\" data-image-meta=\"{&quot;aperture&quot;:&quot;1.8&quot;,&quot;credit&quot;:&quot;&quot;,&quot;camera&quot;:&quot;iPhone 7&quot;,&quot;caption&quot;:&quot;&quot;,&quot;created_timestamp&quot;:&quot;1551730149&quot;,&quot;copyright&quot;:&quot;&quot;,&quot;focal_length&quot;:&quot;3.99&quot;,&quot;iso&quot;:&quot;200&quot;,&quot;shutter_speed&quot;:&quot;0.25&quot;,&quot;title&quot;:&quot;&quot;,&quot;orientation&quot;:&quot;6&quot;}\" data-image-title=\"IMG_3178\" data-image-description=\"\" data-image-caption=\"\" data-medium-file=\"https:\/\/i0.wp.com\/www.ironicka-blondyna.cz\/wp-content\/uploads\/2019\/03\/IMG_3178.jpg?fit=300%2C225\" data-large-file=\"https:\/\/i0.wp.com\/www.ironicka-blondyna.cz\/wp-content\/uploads\/2019\/03\/IMG_3178.jpg?fit=656%2C492\" class=\"  wp-image-347 aligncenter\" style=\"color: var(--color-neutral-600);\" src=\"https:\/\/i0.wp.com\/www.ironicka-blondyna.cz\/wp-content\/uploads\/2019\/03\/IMG_3178.jpg?resize=500%2C667\" alt=\"IMG_3178\" width=\"500\" height=\"667\" \/><\/p>\n<p>Ka\u017edop\u00e1dn\u011b&#8230; kousek od t\u00e9hle pek\u00e1rny je akropole. Byla to docela p\u0159\u00edjemn\u00e1 proch\u00e1zka, kter\u00e1 byla vhodn\u00e1 v\u00e1\u017en\u011b p\u0159i t\u011bch 16 \u00b0C, nedok\u00e1\u017eu si p\u0159edstavit \u0161lapat do toho kopce t\u0159eba ve t\u0159ic\u00edtk\u00e1ch. Cestou m\u011b ka\u017edop\u00e1dn\u011b p\u0159ekvapilo, jak se \u0158ekov\u00e9 stav\u00ed k doprav\u011b. Je jedno, jestli m\u00e1te zelenou, nebo \u010dervenou. Jezd\u00ed se bez ohledu na barvu, parkuje se bez ohledu na k\u0159i\u017eovatku nebo p\u0159echody&#8230; a kdy\u017e jsme u t\u011bch p\u0159echod\u016f, je \u00fapln\u011b b\u011b\u017en\u00e9 sko\u010dit na \u010dervenou autu pod kola. Pravd\u011bpodobn\u011b v\u00e1s ani nikdo nevytroub\u00ed. Zkr\u00e1tka jenom dupnou na brzdu a pust\u00ed v\u00e1s.<\/p>\n<h3>PAM\u00c1TKY V ATH\u00c9N\u00c1CH<\/h3>\n<p>\u010c\u00e1st pam\u00e1tek v are\u00e1lu te\u010f podp\u00edr\u00e1 le\u0161en\u00ed, co\u017e sice m\u016f\u017ee p\u016fsobit trochu smutn\u011b, ale i tak to na m\u011b ud\u011blalo dojem&#8230; Velice honosn\u011b na m\u011b p\u016fsobil <strong>odeon Heroda Attika<\/strong>, kter\u00fd tento magn\u00e1t nechal postavit jako vzpom\u00ednku na svou zesnulou \u017eenu. V tomto divadle najdete skoro 5 000 m\u00edst. Moment\u00e1ln\u011b se toto m\u00edsto vyu\u017e\u00edv\u00e1 pro divadeln\u00ed p\u0159edstaven\u00ed a koncerty pod \u0161ir\u00fdm nebem.<\/p>\n<p><span style=\"color: var(--color-neutral-600);\">Hned kousek vedle je <\/span><strong style=\"color: var(--color-neutral-600);\">Dion\u00fdsovo divadlo<\/strong><span style=\"color: var(--color-neutral-600);\">, kter\u00e9 je br\u00e1no jako hlavn\u00ed divadlo Ath\u00e9n.\u00a0<\/span><span style=\"color: var(--color-neutral-600);\">Podle v\u0161eho jde o prvn\u00ed divadlo, kde se zrodila dramatick\u00e1 forma \u2013 \u0159eck\u00e1 trag\u00e9die. <\/span><\/p>\n<p><span style=\"color: var(--color-neutral-600);\"><img data-recalc-dims=\"1\" loading=\"lazy\" decoding=\"async\" data-attachment-id=\"349\" data-permalink=\"http:\/\/www.ironicka-blondyna.cz\/index.php\/2019\/03\/09\/4-recko-historie-drogy-z-autobaterek-a-blondyna-s-podezrelym-kufrem\/img_3234\/\" data-orig-file=\"https:\/\/i0.wp.com\/www.ironicka-blondyna.cz\/wp-content\/uploads\/2019\/03\/IMG_3234.jpg?fit=4032%2C3024\" data-orig-size=\"4032,3024\" data-comments-opened=\"1\" data-image-meta=\"{&quot;aperture&quot;:&quot;1.8&quot;,&quot;credit&quot;:&quot;&quot;,&quot;camera&quot;:&quot;iPhone 7&quot;,&quot;caption&quot;:&quot;&quot;,&quot;created_timestamp&quot;:&quot;1551788655&quot;,&quot;copyright&quot;:&quot;&quot;,&quot;focal_length&quot;:&quot;3.99&quot;,&quot;iso&quot;:&quot;20&quot;,&quot;shutter_speed&quot;:&quot;0.000282007896221&quot;,&quot;title&quot;:&quot;&quot;,&quot;orientation&quot;:&quot;1&quot;}\" data-image-title=\"IMG_3234\" data-image-description=\"\" data-image-caption=\"\" data-medium-file=\"https:\/\/i0.wp.com\/www.ironicka-blondyna.cz\/wp-content\/uploads\/2019\/03\/IMG_3234.jpg?fit=300%2C225\" data-large-file=\"https:\/\/i0.wp.com\/www.ironicka-blondyna.cz\/wp-content\/uploads\/2019\/03\/IMG_3234.jpg?fit=656%2C492\" class=\" wp-image-349 aligncenter\" src=\"https:\/\/i0.wp.com\/www.ironicka-blondyna.cz\/wp-content\/uploads\/2019\/03\/IMG_3234.jpg?resize=507%2C380\" alt=\"IMG_3234\" width=\"507\" height=\"380\" srcset=\"https:\/\/i0.wp.com\/www.ironicka-blondyna.cz\/wp-content\/uploads\/2019\/03\/IMG_3234.jpg?w=4032 4032w, https:\/\/i0.wp.com\/www.ironicka-blondyna.cz\/wp-content\/uploads\/2019\/03\/IMG_3234.jpg?resize=300%2C225 300w, https:\/\/i0.wp.com\/www.ironicka-blondyna.cz\/wp-content\/uploads\/2019\/03\/IMG_3234.jpg?resize=768%2C576 768w, https:\/\/i0.wp.com\/www.ironicka-blondyna.cz\/wp-content\/uploads\/2019\/03\/IMG_3234.jpg?resize=1024%2C768 1024w, https:\/\/i0.wp.com\/www.ironicka-blondyna.cz\/wp-content\/uploads\/2019\/03\/IMG_3234.jpg?w=1312 1312w, https:\/\/i0.wp.com\/www.ironicka-blondyna.cz\/wp-content\/uploads\/2019\/03\/IMG_3234.jpg?w=1968 1968w\" sizes=\"auto, (max-width: 507px) 100vw, 507px\" \/><\/span><\/p>\n<p>Vedle <strong>Akropole<\/strong> se ty\u010d\u00ed zn\u00e1m\u00e1 stavba <strong>Parthenon<\/strong>, kter\u00fd je pr\u00e1v\u011b podp\u00edr\u00e1na le\u0161en\u00edm. O p\u00e1r krok\u016f d\u00e1l najdete dal\u0161\u00ed chr\u00e1m. <strong>Erechtheion<\/strong>. Tohle m\u00edsto m\u00e1 jednu zaj\u00edmavost \u2013 pr\u00e1v\u011b tady se podle pov\u011bst\u00ed utkala bohyn\u011b Ath\u00e9na s bohem Poseidonem o patron\u00e1t nad m\u011bstem. Vzhledem k tomu, jak se nakonec hlavn\u00ed m\u011bsto \u0158ecka jmenuje, nen\u00ed asi t\u011b\u017ek\u00e9 se dovt\u00edpit k tomu, kdo vyhr\u00e1l&#8230;<\/p>\n<p><img data-recalc-dims=\"1\" loading=\"lazy\" decoding=\"async\" data-attachment-id=\"352\" data-permalink=\"http:\/\/www.ironicka-blondyna.cz\/index.php\/2019\/03\/09\/4-recko-historie-drogy-z-autobaterek-a-blondyna-s-podezrelym-kufrem\/img_3269\/\" data-orig-file=\"https:\/\/i0.wp.com\/www.ironicka-blondyna.cz\/wp-content\/uploads\/2019\/03\/IMG_3269.jpg?fit=4032%2C3024\" data-orig-size=\"4032,3024\" data-comments-opened=\"1\" data-image-meta=\"{&quot;aperture&quot;:&quot;1.8&quot;,&quot;credit&quot;:&quot;&quot;,&quot;camera&quot;:&quot;iPhone 7&quot;,&quot;caption&quot;:&quot;&quot;,&quot;created_timestamp&quot;:&quot;1551791136&quot;,&quot;copyright&quot;:&quot;&quot;,&quot;focal_length&quot;:&quot;3.99&quot;,&quot;iso&quot;:&quot;20&quot;,&quot;shutter_speed&quot;:&quot;0.000188005264147&quot;,&quot;title&quot;:&quot;&quot;,&quot;orientation&quot;:&quot;1&quot;}\" data-image-title=\"IMG_3269\" data-image-description=\"\" data-image-caption=\"\" data-medium-file=\"https:\/\/i0.wp.com\/www.ironicka-blondyna.cz\/wp-content\/uploads\/2019\/03\/IMG_3269.jpg?fit=300%2C225\" data-large-file=\"https:\/\/i0.wp.com\/www.ironicka-blondyna.cz\/wp-content\/uploads\/2019\/03\/IMG_3269.jpg?fit=656%2C492\" class=\" wp-image-352 aligncenter\" src=\"https:\/\/i0.wp.com\/www.ironicka-blondyna.cz\/wp-content\/uploads\/2019\/03\/IMG_3269.jpg?resize=491%2C368\" alt=\"IMG_3269\" width=\"491\" height=\"368\" srcset=\"https:\/\/i0.wp.com\/www.ironicka-blondyna.cz\/wp-content\/uploads\/2019\/03\/IMG_3269.jpg?w=4032 4032w, https:\/\/i0.wp.com\/www.ironicka-blondyna.cz\/wp-content\/uploads\/2019\/03\/IMG_3269.jpg?resize=300%2C225 300w, https:\/\/i0.wp.com\/www.ironicka-blondyna.cz\/wp-content\/uploads\/2019\/03\/IMG_3269.jpg?resize=768%2C576 768w, https:\/\/i0.wp.com\/www.ironicka-blondyna.cz\/wp-content\/uploads\/2019\/03\/IMG_3269.jpg?resize=1024%2C768 1024w, https:\/\/i0.wp.com\/www.ironicka-blondyna.cz\/wp-content\/uploads\/2019\/03\/IMG_3269.jpg?w=1312 1312w, https:\/\/i0.wp.com\/www.ironicka-blondyna.cz\/wp-content\/uploads\/2019\/03\/IMG_3269.jpg?w=1968 1968w\" sizes=\"auto, (max-width: 491px) 100vw, 491px\" \/><\/p>\n<p>Co by kamenem dohodil je potom <strong>Sokratovo v\u011bzen\u00ed<\/strong>, del\u0161\u00ed proch\u00e1zkou m\u016f\u017eete doj\u00edt t\u0159eba a\u017e do kr\u00e1lovsk\u00e9 zahrady (kde je bo\u017esk\u00fd klid, oproti centru m\u011bsta). V zahrad\u00e1ch najdete pal\u00e1c Zappeion. S t\u00edm, \u017ee by se podobn\u00e1 stavba m\u011bla vybudovat, p\u0159i\u0161el Evangelis Zappas, kter\u00fd tou\u017eil po obnoven\u00ed olympijsk\u00fdch her. Nen\u00ed proto n\u00e1hoda, \u017ee se tahle stavba nach\u00e1z\u00ed kousek od <strong>Panath\u00e9nsk\u00e9ho stadionu<\/strong>. Otev\u0159en\u00ed budovy (1888) se u\u017e bohu\u017eel ale Zappas nedo\u017eil.<\/p>\n<p>M\u016fj d\u00e1rek pro ka\u017ed\u00e9ho, kdo m\u00e1 probl\u00e9m s pohledem z v\u011bt\u0161\u00ed v\u00fd\u0161ky ne\u017e 5 metr\u016f&#8230;<\/p>\n<a class=\"wp-embedded-video\" href=\"http:\/\/www.ironicka-blondyna.cz\/wp-content\/uploads\/2019\/03\/BRNB4053.mov\">http:\/\/www.ironicka-blondyna.cz\/wp-content\/uploads\/2019\/03\/BRNB4053.mov<\/a>\n<h3>CENTRUM ATH\u00c9N<\/h3>\n<p>No a te\u010f trochu v\u011bcn\u011b k samotn\u00e9mu centru Ath\u00e9n. Bydlely jsme na n\u00e1m\u011bst\u00ed Omonia, kter\u00e9 bylo p\u0159es den pom\u011brn\u011b klidn\u00e9, ale p\u0159esto hojn\u011b hl\u00eddan\u00e9 policisty. A kdy\u017e se rozhl\u00e9dnete kolem, dob\u0159e v\u00edte, pro\u010d na ka\u017ed\u00e9 druh\u00e9 ulici vid\u00edte autobus s mu\u017ei z\u00e1kona. Ekonomick\u00e1 krize se na \u0158ecku pom\u011brn\u011b o\u0161kliv\u011b podepsala. Pln\u011b jsem si to uv\u011bdomila, kdy\u017e jsem na ulici vid\u011bla lidi pod vlivem drogy zvan\u00e9 &#8222;\u0161\u00ed\u0161a&#8220;. Je jednoduch\u00e9 ji vyrobit, je extr\u00e9mn\u011b levn\u00e1 a tak\u00e9 extr\u00e9mn\u011b nebezpe\u010dn\u00e1. Jednu d\u00e1vku m\u016f\u017eete po\u0159\u00eddit zhruba za dv\u011b eura. Slo\u017een\u00ed drogy je n\u00e1sleduj\u00edc\u00ed: kyselina z autobateri\u00ed, \u0161ampon, b\u011blidlo, pervitin. Na u\u017eivatel\u00e9 t\u00e9to l\u00e1tky je pom\u011brn\u011b \u017ealostn\u00fd pohled \u2013 vypadaj\u00ed podobn\u011b, jako kdyby usnuli p\u0159i ch\u016fzi. Jednou jsem vid\u011bla, jak takov\u00fd \u010dlov\u011bk sko\u010dil p\u0159\u00edmo p\u0159ed auta, kde takhle zkamen\u011bl. Podruh\u00e9 pak n\u011bkolik policist\u016f \u0159e\u0161ilo jin\u00e9ho zdrogovan\u00e9ho \u010dlov\u011bka,\u00a0kter\u00fd p\u0159ipom\u00ednal zombieho, sed\u00edc\u00edho na sloupku.<\/p>\n<p><img data-recalc-dims=\"1\" loading=\"lazy\" decoding=\"async\" data-attachment-id=\"346\" data-permalink=\"http:\/\/www.ironicka-blondyna.cz\/index.php\/2019\/03\/09\/4-recko-historie-drogy-z-autobaterek-a-blondyna-s-podezrelym-kufrem\/fhpu9184\/\" data-orig-file=\"https:\/\/i0.wp.com\/www.ironicka-blondyna.cz\/wp-content\/uploads\/2019\/03\/FHPU9184.jpg?fit=1024%2C1821\" data-orig-size=\"1024,1821\" data-comments-opened=\"1\" data-image-meta=\"{&quot;aperture&quot;:&quot;0&quot;,&quot;credit&quot;:&quot;&quot;,&quot;camera&quot;:&quot;&quot;,&quot;caption&quot;:&quot;&quot;,&quot;created_timestamp&quot;:&quot;0&quot;,&quot;copyright&quot;:&quot;&quot;,&quot;focal_length&quot;:&quot;0&quot;,&quot;iso&quot;:&quot;0&quot;,&quot;shutter_speed&quot;:&quot;0&quot;,&quot;title&quot;:&quot;&quot;,&quot;orientation&quot;:&quot;1&quot;}\" data-image-title=\"FHPU9184\" data-image-description=\"\" data-image-caption=\"\" data-medium-file=\"https:\/\/i0.wp.com\/www.ironicka-blondyna.cz\/wp-content\/uploads\/2019\/03\/FHPU9184.jpg?fit=169%2C300\" data-large-file=\"https:\/\/i0.wp.com\/www.ironicka-blondyna.cz\/wp-content\/uploads\/2019\/03\/FHPU9184.jpg?fit=576%2C1024\" class=\" wp-image-346 alignleft\" src=\"https:\/\/i0.wp.com\/www.ironicka-blondyna.cz\/wp-content\/uploads\/2019\/03\/FHPU9184.jpg?resize=298%2C530\" alt=\"FHPU9184\" width=\"298\" height=\"530\" srcset=\"https:\/\/i0.wp.com\/www.ironicka-blondyna.cz\/wp-content\/uploads\/2019\/03\/FHPU9184.jpg?w=1024 1024w, https:\/\/i0.wp.com\/www.ironicka-blondyna.cz\/wp-content\/uploads\/2019\/03\/FHPU9184.jpg?resize=169%2C300 169w, https:\/\/i0.wp.com\/www.ironicka-blondyna.cz\/wp-content\/uploads\/2019\/03\/FHPU9184.jpg?resize=768%2C1366 768w, https:\/\/i0.wp.com\/www.ironicka-blondyna.cz\/wp-content\/uploads\/2019\/03\/FHPU9184.jpg?resize=576%2C1024 576w\" sizes=\"auto, (max-width: 298px) 100vw, 298px\" \/><\/p>\n<p>Kdy\u017e jsem podrobn\u011b tohle t\u00e9ma zkoumala na netu, zjistila jsem, \u017ee p\u0159i dlouhodob\u00e9m u\u017e\u00edv\u00e1n\u00ed t\u00e9to drogy tato l\u00e1tka m\u016f\u017ee vyvolat touhu zab\u00edt. Krom\u011b toho zatemn\u00ed mysl. Vzhledem k tomu, \u017ee je hojn\u011b u\u017e\u00edvan\u00e1 i mezi prostitutkami, nen\u00ed pr\u00fd raritou, \u017ee potk\u00e1te t\u011bhotnou \u017eenu, kter\u00e1 \u017eije na ulici \u2013 osobn\u011b jsem za cel\u00fd sv\u016fj pobyt ale potkala asi jednu, kter\u00e1 u\u017e mal\u00e9 d\u00edt\u011b m\u011bla. Vedle toho se pr\u00fd n\u011bkolikr\u00e1t stalo i to, \u017ee t\u011bhotn\u00e9 prostitutky rodily p\u0159\u00edmo na ulici.<\/p>\n<p>Kdy\u017e jsme se propl\u00e9taly uli\u010dkami Ath\u00e9n, narazily jsme tak\u00e9 na nechvaln\u011b zn\u00e1m\u00e9 Viktoriino n\u00e1m\u011bst\u00ed, kter\u00e9 bylo v roce 2016 proslul\u00e9 t\u00edm, \u017ee jej obsadili migranti prchaj\u00edc\u00ed (p\u0159edev\u0161\u00edm) z Afgh\u00e1nist\u00e1nu, \u010d\u00edm\u017e si toto m\u00edsto vyslou\u017eilo od m\u00edstn\u00edch p\u0159ezd\u00edvku Afgh\u00e1nsk\u00e9 n\u00e1m\u011bst\u00ed. M\u016f\u017ee to zn\u00edt jako smutn\u00fd p\u0159\u00edb\u011bh, ale je\u0161t\u011b smutn\u011bj\u0161\u00ed je, \u017ee se na stejn\u00e9m m\u00edst\u011b mlad\u00ed uprchl\u00edci prod\u00e1vali za n\u011bkolik eur&#8230;<\/p>\n<p>Posledn\u00ed den na\u0161eho pobytu jsem byla trochu na\u0161tvan\u00e1. Vst\u00e1valy jsme brzy r\u00e1no, abychom se v\u010das dopravily na leti\u0161t\u011b&#8230; kdy\u017e jsem trochu bezradn\u011b pob\u00edhala s kufrem po metru, jeden ochotn\u00fd p\u00e1n n\u00e1s navedl na spr\u00e1vn\u00fd sm\u011br (obecn\u011b jsou \u0158ekov\u00e9 moc mil\u00ed a p\u0159\u00e1tel\u0161t\u00ed). T\u0159i zast\u00e1vky p\u0159ed leti\u0161t\u011bm jsme m\u011bli kone\u010dnou a museli dvacet minut \u010dekat na &#8222;navazuj\u00edc\u00ed spoj&#8220;. Kdy\u017e u\u017e jsem myslela, \u017ee je nejhor\u0161\u00ed z cel\u00e9ho dne za n\u00e1mi, na bezpe\u010dnostn\u00ed kontrole mi za\u010dal p\u00edpat kufr. Kdy\u017e jsem vid\u011bla, jak si obsluha nasazuje rukavice, v\u011bd\u011bla jsem, \u017ee je zle&#8230; Jenom na pokoji jsem se se zav\u0159en\u00edm toho p\u0159ervan\u00e9ho kufru mordovala snad 15 minut.<\/p>\n<p>&#8222;Otev\u0159ete to,&#8220; pokynul mi. Poslu\u0161n\u011b jsem to teda otev\u0159ela, aby mi vz\u00e1p\u011bt\u00ed \u0159ekl: &#8222;Aha&#8230; tak to byla ta chalva,&#8220; sm\u00e1l se a podal mi py\u017eamo, kter\u00e9 vypadlo.<\/p>\n<p><strong>TIPY NA J\u00cdDLO:<\/strong><\/p>\n<p>Ob\u011b jsme byly na j\u00eddlo docela vyb\u00edrav\u00e9, nav\u00edc v na\u0161em hotelu se prakticky neva\u0159ilo, ale v\u017edycky jsme si n\u011bjak vybraly.<\/p>\n<p>Poprv\u00e9 jsme \u0161ly na j\u00eddlo mysl\u00edm do vegansk\u00e9ho bistra <strong>Mama tierra<\/strong>, kde si pochutnala i kamar\u00e1dka, kter\u00e1 vegankou ani vegetari\u00e1nkou nikdy nebyla. Maj\u00ed tam fakt spoustu j\u00eddel, mimo jin\u00e9 i burgery, kter\u00e9 vypadaly skv\u011ble, akor\u00e1t s tou mou intoleranc\u00ed lepku&#8230;<\/p>\n<p>Pokud budete hledat n\u011bjak\u00e9 m\u00edsto, kam si zaj\u00edt na sn\u00eddani, dobrou k\u00e1vu, ob\u011bd s sebou, nebo n\u011bco na cestu, ur\u010dit\u011b sko\u010dte do <strong>Attika Aptonoieia<\/strong> (ve druh\u00e9m pat\u0159e m\u016f\u017eete skrz prosklenou ze\u010f sledovat ruch na n\u00e1m\u011bst\u00ed) nebo <strong>Bread Factory<\/strong>.<\/p>\n<p>Moc spokojeni budete i p\u0159i n\u00e1v\u0161t\u011bv\u011b <strong>Club Neon Restaurant<\/strong>, kde najdete m\u00edstn\u00ed speciality. Nikdy by m\u011b nenapadlo, \u017ee grilovan\u00e1 zelenina vycpan\u00e1 r\u00fd\u017e\u00ed m\u016f\u017ee chutnat tak dob\u0159e. M\u016f\u017eete si proj\u00edt v\u0161echna j\u00eddla, kter\u00e1 ten den restaurace nab\u00edz\u00ed, potom se usad\u00edte a p\u0159\u00edjemn\u00e1 obsluha v\u00e1m donese v\u0161e, na co si uk\u00e1\u017eete.<\/p>\n<p>Posledn\u00ed ve\u010der jsem m\u011bla chu\u0165 na n\u011bco asijsk\u00e9ho. Vydaly jsme se do moc \u00fatuln\u00e9 restaurace <strong>Wabi Sabi<\/strong>, kde jsem poprv\u00e9 v \u017eivot\u011b jela Miso pol\u00e9vku, samoz\u0159ejm\u011b jsem nemohla zapomenout ani na sushi a jako roztomil\u00fd bonus jsme dostaly po ve\u010de\u0159i je\u0161t\u011b i kol\u00e1\u010dek \u0161t\u011bst\u00ed. L\u00edste\u010dek jsem si vyloupla, ale do te\u010f nev\u00edm&#8230; j\u00ed se vlastn\u011b ten kol\u00e1\u010dek jako takov\u00fd? :))<\/p>\n<p><strong>Bonus na z\u00e1v\u011br:\u00a0<\/strong><\/p>\n<p>Cel\u00e1 dov\u010da byla jedno velk\u00e9 dobrodr\u016f\u017eo, ale rozhodn\u011b to nem\u011blo na zp\u00e1te\u010dn\u00ed cestu z Polska. P\u0159ist\u00e1ly jsme v Katowic\u00edch a proto\u017ee v dopoledn\u00edch hodin\u00e1ch bylo fakt t\u011b\u017ek\u00e9 n\u011bkoho zlomit na to, aby n\u00e1s v Polsku vyzved\u00e1val, rozhodly jsme se, \u017ee to vy\u0159e\u0161\u00edme samy. Spoj Katowice \u2013 Ostrava tak n\u011bjak nefunguje, tak\u017ee jsme musely do Katowic (n\u011bjak mi nep\u0159i\u0161lo p\u0159ehledn\u00e9 rozd\u011blen\u00ed j\u00edzdenek, tak\u017ee m\u011b z autobusu \u0159idi\u010d nejprve vyrazil a poslal pro druh\u00fd l\u00edstek&#8230; nam\u00edsto 4 zlot\u00fdch jsem nakonec c\u00e1lovala dohromady 18).<\/p>\n<p>Autobus n\u00e1s zavezl do n\u011bjak\u00e9ho obchodn\u00edho centra, odkud jsme pak rychle p\u0159eb\u00edhaly na autobusov\u00e9 n\u00e1dra\u017e\u00ed, kde jsme pot\u0159ebovaly koupit l\u00edstek na FlixBus. Docela m\u011b p\u0159ekvapilo, \u017ee na tak velk\u00e9 m\u011bsto je \u010dek\u00e1rna pom\u011brn\u011b mal\u00e1, umrmlan\u00e1 a pokladn\u00ed nebere karty, tak\u017ee jsme v\u0161echno \u0159e\u0161ily p\u0159es mobil. P\u0159ihodily jsme n\u011bjak\u00e9 pen\u00edze za rezervaci m\u00edsta a vz\u00e1p\u011bt\u00ed p\u0159es ok\u00e9nko vid\u011bly, jak FlixBus dorazil na parkovi\u0161t\u011b. M\u011bla jsem chu\u0165 si rozb\u00edt hlavu, kdy\u017e jsem vid\u011bla, \u017ee bus dorazil nabouran\u00fd a n\u00e1sledn\u011b na m\u00edsto \u0159idi\u010d zavolal policii, kter\u00e1 v\u0161echno dokumentovala. Za\u010dala jsem se smi\u0159ovat s t\u00edm, \u017ee dneska dom\u016f v \u017e\u00e1dnou p\u0159\u00edjemnou hodinu nedoraz\u00edm.<\/p>\n<p>Na\u0161t\u011bst\u00ed pak dorazil jin\u00fd bus, kter\u00fd se uk\u00e1zal b\u00fdt jako ten spr\u00e1vn\u00fd. K na\u0161emu \u00fadivu, kdy\u017e jsme p\u0159i\u0161ly k na\u0161im m\u00edst\u016fm, sed\u011bla na nich u\u017e n\u011bjak\u00e1 jin\u00e1 dvojka.<\/p>\n<p>&#8222;Pardon, sed\u00edte n\u00e1m na m\u00edst\u011b,&#8220; za\u010dala to tam kamar\u00e1dka \u010distit. Chl\u00e1pek se s ni chv\u00edli dohadoval, ukazoval paragony, potvrzen\u00ed rezervace a vz\u00e1p\u011bt\u00ed odkr\u00e1\u010del pry\u010d, proto\u017ee pochopil, \u017ee si spletl \u010d\u00edsla. Kamar\u00e1dka si oddechla a naklonila se, aby l\u00e9pe vid\u011bla na pan\u00ed, kter\u00e1 n\u00e1s tak\u00e9 posedla.<\/p>\n<p>&#8222;No a vy n\u00e1m taky sed\u00edte na m\u00edst\u011b!&#8220; \u0159ekla ji. S pan\u00ed to ani nehlo. Tvrdila n\u00e1m, \u017ee ona m\u00e1 taky rezervaci. Sice jinde, ale podsedli ji, tak\u017ee bude sed\u011bt tady. To u\u017e mi trochu povolily nervy a pustila jsem se do debaty taky. Na druhou stranu mi ji ale bylo l\u00edto, tak\u017ee jsem se jen m\u00edrn\u011b zeptala, pro\u010d si nesedne n\u011bkam, kde je m\u00edsto&#8230; Nebyla s ni rozumn\u00e1 \u0159e\u010d, tak\u017ee ji nakonec musel vyhodit a\u017e \u0159idi\u010d.<\/p>\n<p>I kdy\u017e jsem v tu chv\u00edli byla unaven\u00e1, m\u011bla hore\u010dku a byla na\u0161tvan\u00e1, zp\u011btn\u011b se tomu sm\u011bju. \u010c\u00edm jsem star\u0161\u00ed, t\u00edm v\u00edc si \u0159\u00edk\u00e1m, \u017ee je dovolen\u00e1 o z\u00e1\u017eitc\u00edch ne\u017e o p\u0159ehnan\u00e9 pohod\u011b. A kdyby n\u011bkdo z m\u00e9ho okol\u00ed nev\u011bd\u011bl, kam si pro n\u011bjak\u00e9 to dobrodr\u016f\u017eo zajet, Ath\u00e9ny bych mu doporu\u010dila asi mezi prvn\u00edmi&#8230;<\/p>\n","protected":false},"excerpt":{"rendered":"<p>Mil\u00fd den\u00ed\u010dku, vzhledem k tomu, kolika zm\u011bnami jsem za posledn\u00ed rok pro\u0161la, v\u011bd\u011bla jsem, \u017ee i s leto\u0161n\u00edma narozkama chci ud\u011blat trochu zm\u011bnu. Tak\u017ee jsem zabalila v\u011bci do kufru a vydala se tam, kam pat\u0159\u00edm &#8211; za bohy a bohyn\u011bmi. Letu jsem se docela d\u011bsila, proto\u017ee jsem p\u00e1r dn\u00ed p\u0159ed odletem trochu onemocn\u011bla a zaj\u00edmala &hellip; <a href=\"http:\/\/www.ironicka-blondyna.cz\/index.php\/2019\/03\/09\/4-recko-historie-drogy-z-autobaterek-a-blondyna-s-podezrelym-kufrem\/\" class=\"more-link\">Continue reading <span class=\"screen-reader-text\">#2 \u0158ecko: historie, drogy z autobaterek a blond\u00fdna s podez\u0159el\u00fdm kufrem<\/span><\/a><\/p>\n","protected":false},"author":1,"featured_media":351,"comment_status":"open","ping_status":"open","sticky":false,"template":"","format":"standard","meta":{"jetpack_post_was_ever_published":false,"_jetpack_newsletter_access":"","_jetpack_dont_email_post_to_subs":false,"_jetpack_newsletter_tier_id":0,"_jetpack_memberships_contains_paywalled_content":false,"_jetpack_memberships_contains_paid_content":false,"footnotes":"","jetpack_publicize_message":"","jetpack_publicize_feature_enabled":true,"jetpack_social_post_already_shared":true,"jetpack_social_options":{"image_generator_settings":{"template":"highway","default_image_id":0,"font":"","enabled":false},"version":2}},"categories":[19],"tags":[],"class_list":["post-338","post","type-post","status-publish","format-standard","has-post-thumbnail","hentry","category-blondyna-na-cestach"],"jetpack_publicize_connections":[],"jetpack_featured_media_url":"https:\/\/i0.wp.com\/www.ironicka-blondyna.cz\/wp-content\/uploads\/2019\/03\/IMG_3404.jpg?fit=4032%2C3024","jetpack_sharing_enabled":true,"jetpack_shortlink":"https:\/\/wp.me\/pa81Mi-5s","jetpack-related-posts":[],"_links":{"self":[{"href":"http:\/\/www.ironicka-blondyna.cz\/index.php\/wp-json\/wp\/v2\/posts\/338","targetHints":{"allow":["GET"]}}],"collection":[{"href":"http:\/\/www.ironicka-blondyna.cz\/index.php\/wp-json\/wp\/v2\/posts"}],"about":[{"href":"http:\/\/www.ironicka-blondyna.cz\/index.php\/wp-json\/wp\/v2\/types\/post"}],"author":[{"embeddable":true,"href":"http:\/\/www.ironicka-blondyna.cz\/index.php\/wp-json\/wp\/v2\/users\/1"}],"replies":[{"embeddable":true,"href":"http:\/\/www.ironicka-blondyna.cz\/index.php\/wp-json\/wp\/v2\/comments?post=338"}],"version-history":[{"count":13,"href":"http:\/\/www.ironicka-blondyna.cz\/index.php\/wp-json\/wp\/v2\/posts\/338\/revisions"}],"predecessor-version":[{"id":1143,"href":"http:\/\/www.ironicka-blondyna.cz\/index.php\/wp-json\/wp\/v2\/posts\/338\/revisions\/1143"}],"wp:featuredmedia":[{"embeddable":true,"href":"http:\/\/www.ironicka-blondyna.cz\/index.php\/wp-json\/wp\/v2\/media\/351"}],"wp:attachment":[{"href":"http:\/\/www.ironicka-blondyna.cz\/index.php\/wp-json\/wp\/v2\/media?parent=338"}],"wp:term":[{"taxonomy":"category","embeddable":true,"href":"http:\/\/www.ironicka-blondyna.cz\/index.php\/wp-json\/wp\/v2\/categories?post=338"},{"taxonomy":"post_tag","embeddable":true,"href":"http:\/\/www.ironicka-blondyna.cz\/index.php\/wp-json\/wp\/v2\/tags?post=338"}],"curies":[{"name":"wp","href":"https:\/\/api.w.org\/{rel}","templated":true}]}}