{"id":324,"date":"2019-01-16T17:01:27","date_gmt":"2019-01-16T17:01:27","guid":{"rendered":"http:\/\/www.ironicka-blondyna.cz\/?p=324"},"modified":"2019-01-16T17:13:06","modified_gmt":"2019-01-16T17:13:06","slug":"50-let-od-sebeupaleni-palacha-podrazene-nohy-i-prirceni-nakladu-za-soud","status":"publish","type":"post","link":"http:\/\/www.ironicka-blondyna.cz\/index.php\/2019\/01\/16\/50-let-od-sebeupaleni-palacha-podrazene-nohy-i-prirceni-nakladu-za-soud\/","title":{"rendered":"50 let od sebeup\u00e1len\u00ed Palacha: podra\u017een\u00e9 nohy i p\u0159i\u0159\u010den\u00ed n\u00e1klad\u016f za soud"},"content":{"rendered":"<p>Pr\u00e1v\u011b dnes uplynulo p\u0159esn\u011b 50 let od k \u010dinu, kter\u00fd bud\u00ed rozporupln\u00e9 emoce je\u0161t\u011b i po tak dlouh\u00e9 dob\u011b. Jm\u00e9na Jana Palacha znaj\u00ed v \u010cesku snad v\u0161ichni. Lid\u00ed, kte\u0159\u00ed se o jeho p\u0159\u00edb\u011bh zaj\u00edmali detailn\u011bji a zkoumali \u010din, kter\u00fd provedl, je u\u017e ale podstatn\u011b m\u00e9n\u011b. P\u0159ipome\u0148me si alespo\u0148 zlomek z cel\u00e9ho p\u0159\u00edb\u011bhu. Jak reagovali \u0161okovan\u00ed sv\u011bdci, kde se dozv\u011bd\u011bl Jan\u016fv bratr o cel\u00e9 akci a jak\u00e9 jsou pl\u00e1ny s domem, ve kter\u00e9m Palach vyr\u016fstal?<\/p>\n<p>Jan Palach se narodil 11. srpna 1948 v Praze, ale s rodi\u010di a star\u0161\u00edm bratrem bydlel ve V\u0161etatech u M\u011bln\u00edka. Jeho tat\u00ednek m\u011bl vyhl\u00e1\u0161enou cukr\u00e1rnu, kter\u00e1 mu byla v roce 1951 zru\u0161ena. Pot\u00e9 nastoupil jako d\u011bln\u00edk do pek\u00e1rny. Podle v\u011bt\u0161iny zdroj\u016f m\u011bl Jan ke sv\u00e9mu otci velmi bl\u00edzk\u00fd vztah. Jeho tat\u00ednek ale v roce 1962 zem\u0159el.<\/p>\n<p>Jan vystudoval gymn\u00e1zium a p\u0159ihl\u00e1sil se ke studiu na Karlov\u011b univerzit\u011b. P\u0159ij\u00edmac\u00ed zkou\u0161ky se mu sice poda\u0159ily, ale p\u0159ijat p\u0159esto nebyl \u2013 \u00fadajn\u011b pro sv\u016fj &#8222;\u017eivnostensk\u00fd p\u016fvod&#8220;. Na Karlovku se mu povedlo dostat a\u017e na t\u0159et\u00ed pokus, v roce 1968. Na podzim t\u00e9ho\u017e roku se Palach z\u00fa\u010dastnil n\u011bkolika protestn\u00edch akc\u00ed proti okupaci, ale znepokojovalo ho, \u017ee podobn\u00e9 akce nemaj\u00ed \u017e\u00e1dn\u00fd viditeln\u00fd v\u00fdsledek.<\/p>\n<p>Podle dostupn\u00fdch informac\u00ed prob\u00edhal Palach\u016fv \u010din a n\u00e1sleduj\u00edc\u00ed dny p\u0159ibli\u017en\u011b takto&#8230;<\/p>\n<p><strong>16. leden 1969, 14.45 \u2013 V\u00e1clavsk\u00e9 n\u00e1m\u011bst\u00ed<\/strong><\/p>\n<p>Jan dorazil ke ka\u0161n\u011b, kde si odlo\u017eil aktovku. Polil se benz\u00ednem a zap\u00e1lil se. Kolem m\u00edsta proj\u00ed\u017ed\u011bla tramvaj \u010d. 7, ze kter\u00e9 bleskov\u011b vysko\u010dilo n\u011bkolik lid\u00ed, kte\u0159\u00ed se sna\u017eili Palacha uhasit oble\u010den\u00edm. Nejprve se jej pokou\u0161\u00ed povalit na zem, kdy\u017e se ale nenech\u00e1, podraz\u00ed mu nohy aktovkou a ohe\u0148 udusaj\u00ed kab\u00e1tem.<\/p>\n<p>Sv\u011bdk\u016fm Jan sd\u011bl\u00ed, \u017ee m\u00e1 v aktovce dopis. Z n\u011bj se lid\u00e9 dozv\u00ed, \u017ee \u0161lo o politicky motivovanou akci. Do nemocnice je pak Palach odvezen sanitkou, kter\u00e1 m\u00edstem n\u00e1hodn\u011b proj\u00ed\u017ed\u011bla. Po dvaceti minut\u00e1ch u\u017e na m\u00edst\u011b nen\u00ed ani pam\u00e1tky po tom, co se stalo. P\u0159edstavitel\u00e9 tehdej\u0161\u00edho re\u017eimu necht\u011bj\u00ed, aby se o Palachov\u011b akci v\u011bd\u011blo. Tomu ale nejde zabr\u00e1nit \u2013 lid\u00e9 si o v\u0161em za\u010d\u00ednaj\u00ed vypr\u00e1v\u011bt mezi sebou a informace za\u010d\u00ednaj\u00ed pod\u00e1vat tak\u00e9 sd\u011blovac\u00ed prost\u0159edky. Komunist\u00e9 maj\u00ed nav\u00edc strach z toho, \u017ee podobn\u00fdch lid\u00ed se stejnou my\u0161lenkou bude p\u0159ib\u00fdvat. Palach se toti\u017e v dopisu podepsal jako POCHODE\u0147 \u010c.1.<\/p>\n<p>Jan\u016fv bratr Ji\u0159\u00ed m\u00e1 v 17.00 hovor z nemocnice. Dov\u00edd\u00e1 se o tom, \u017ee je jeho bratr zran\u011bn\u00fd, ale podrobnosti mu necht\u011bj\u00ed \u0159\u00edct do telefonu. Pot\u00e9, co sly\u0161\u00ed na n\u00e1dra\u017e\u00ed z r\u00e1dia zpr\u00e1vu o &#8222;J.P.&#8220;, kter\u00fd se zap\u00e1lil na V\u00e1clavsk\u00e9m n\u00e1m\u011bst\u00ed, za\u010d\u00edn\u00e1 mu b\u00fdt jasn\u00e1 souvislost.. Palachova maminka se o \u010dinu sv\u00e9ho syna dozv\u00edd\u00e1 z novin, kter\u00e9 si spolucestuj\u00edc\u00ed \u010dte ve vlaku do Prahy, kam m\u00ed\u0159ila, aby se sv\u00fdm synem mohla j\u00edt nakoupit oble\u010den\u00ed, na \u010dem\u017e se d\u0159\u00edve domlouvali.<\/p>\n<p><strong>17. ledna 1969 \u2013 Praha<\/strong><\/p>\n<p>Psychiatri\u010dka Kmun\u00ed\u010dkov\u00e1 nahraje v nemocnici s Janem rozhovor. Zji\u0161\u0165uje se tak\u00e9, \u017ee deset dn\u00ed p\u0159ed sv\u00fdm \u010dinem m\u011bl Palach poslat dopis studentsk\u00e9mu p\u0159edstaviteli Lubom\u00edru Hole\u010dkovi. Obsahem m\u011bl b\u00fdt n\u00e1vrh na obsazen\u00ed rozhlasu.<\/p>\n<div class=\"jetpack-video-wrapper\"><iframe loading=\"lazy\" title=\"Jan Palach a jeho rozhovor s doktorkou v nemocnici po up\u00e1len\u00ed\" width=\"656\" height=\"492\" src=\"https:\/\/www.youtube.com\/embed\/3KNJZGXVAlI?feature=oembed\" frameborder=\"0\" allow=\"accelerometer; autoplay; clipboard-write; encrypted-media; gyroscope; picture-in-picture; web-share\" referrerpolicy=\"strict-origin-when-cross-origin\" allowfullscreen><\/iframe><\/div>\n<p><strong>19. leden 1969, 15.30 \u2013 Praha<\/strong><\/p>\n<p>Jan Palach v nemocnici podl\u00e9h\u00e1 sv\u00fdm zran\u011bn\u00edm a um\u00edr\u00e1.<\/p>\n<div class=\"jetpack-video-wrapper\"><iframe loading=\"lazy\" title=\"Jan Palach - dobov\u00e9 audionahr\u00e1vky\" width=\"656\" height=\"369\" src=\"https:\/\/www.youtube.com\/embed\/Aq83WiwnfBM?feature=oembed\" frameborder=\"0\" allow=\"accelerometer; autoplay; clipboard-write; encrypted-media; gyroscope; picture-in-picture; web-share\" referrerpolicy=\"strict-origin-when-cross-origin\" allowfullscreen><\/iframe><\/div>\n<h4>Studen\u00fd ohe\u0148<\/h4>\n<p>Reakce na jeho \u010din na sebe nenechaly dlouho \u010dekat. Mnoho pozornosti z\u00edsk\u00e1 vyj\u00e1d\u0159en\u00ed politika Vil\u00e9ma Nov\u00e9ho, kter\u00fd n\u011bkolikr\u00e1t \u0159ekl, \u017ee m\u011bl b\u00fdt Palach p\u0159ed \u010dinem p\u0159esv\u011bd\u010den o tom, \u017ee \u0161lo o tzv. &#8222;studen\u00fd ohe\u0148&#8220;. K cel\u00e9 akci ho nav\u00edc m\u011bli podle n\u011bj p\u0159emluvit spisovatel\u00e9 Vladim\u00edr \u0160kutina, Pavel Kohout, studentsk\u00fd p\u0159edstavitel Lubom\u00edr Hole\u010dek, sportovec Emil Z\u00e1topek a \u0161achista Lud\u011bk Pachman. Posledn\u00edho jmenovan\u00e9ho nejsp\u00ed\u0161e takto Nov\u00fd &#8222;po\u0161pinil&#8220; proto, \u017ee Palach\u016fv \u010din ocenil.<\/p>\n<p>V\u0161ech p\u011bt lid\u00ed za tento v\u00fdrok a na\u0159\u010den\u00ed podalo na Nov\u00e9ho \u017ealobu. P\u0159idala se k nim tak\u00e9 Palachova matka. Z\u00e1topek v\u0161ak svou \u017ealobu p\u0159ed soudem st\u00e1hl. Nov\u00fd tou\u017eil po tom, aby se soud konal v \u010cesk\u00e9 L\u00edp\u011b, jeliko\u017e pr\u00e1v\u011b tam byl zvolen poslancem. To se mu nakonec nepovedlo.<\/p>\n<h4>Prohran\u00fd soud a p\u0159i\u0159\u010den\u00ed n\u00e1klad\u016f<\/h4>\n<p>JUDr. Jarmila Ortov\u00e1, coby soudkyn\u011b, nakonec vinu Nov\u00e9mu nep\u0159iznala. M\u011bl \u00fadajn\u011b pr\u00e1vo, ale i povinnost zaujmout k Palachov\u011b akci toto stanovisko. Libu\u0161e Palachov\u00e1 nav\u00edc musela nahradit Nov\u00e9mu n\u00e1klady na soudn\u00ed \u0159\u00edzen\u00ed.<\/p>\n<p>Bohu\u017eel ani toto nebylo posledn\u00ed smutnou te\u010dkou. St\u00e1tn\u00ed tajn\u00e1 bezpe\u010dnost se pov\u011bsila nejen na advok\u00e1tku Dagmar Bure\u0161ovou (je\u017e v soudn\u00edm sporu zastupovala Palachovu matku), kter\u00e9 zabavili pas, ale tak\u00e9 na Janovu m\u00e1mu samotnou.<\/p>\n<p>Palach\u016fv poh\u0159eb se konal 25. ledna a stal se z\u00e1rove\u0148 protestem proti okupaci. V roce 1970 byla z jeho hrobu odstran\u011bna a roztavena bronzov\u00e1 n\u00e1hrobn\u00ed deska. O t\u0159i roky pozd\u011bji byly ostatky Palacha bez v\u011bdom\u00ed jeho rodiny exhumov\u00e1ny, zpopeln\u011bny a ulo\u017eeny na h\u0159bitov\u011b ve V\u0161etatech.<\/p>\n<p>Trvalo je\u0161t\u011b dlouh\u00fdch 20 let, ne\u017e se skute\u010dn\u011b \u010ceskoslovensko stalo demokratickou zem\u00ed. Na Palacha se ale nezapomn\u011blo, nepokoje lid\u00ed, kter\u00e9 zapo\u010daly za\u010d\u00e1tkem roku 1989 a vygradovaly k p\u00e1du komunistick\u00e9mu re\u017eimu, dostaly n\u00e1zev &#8222;Palach\u016fv t\u00fdden&#8220;.<\/p>\n<p>Po revoluci byl obnoven Palach\u016fv hrob na Ol\u0161ansk\u00fdch h\u0159bitovech. O rok pozd\u011bji byl Jan Palach in memoriam vyznamen\u00e1n \u0159\u00e1dem Tom\u00e1\u0161e Garrigua Masaryka.<\/p>\n<p>V sou\u010dasn\u00e9 dob\u011b se \u0159e\u0161\u00ed, co bude s domem, ve kter\u00e9m Palach bydlel. Zva\u017euje se otev\u0159en\u00ed muzea, ale Jan\u016fv bratr v jednom z rozhovor\u016f p\u0159iznal, \u017ee by byl rad\u011bji, kdyby v dom\u011b n\u011bkdo bydlel.<\/p>\n<p>Letos v lednu byla Dagmar Bure\u0161ov\u00e1, kter\u00e1 zem\u0159ela minul\u00fd rok, in memoriam ocen\u011bna vysok\u00fdm st\u00e1tn\u00edm vyznamen\u00e1n\u00edm od slovensk\u00e9ho prezidenta Andreje Kisky.<\/p>\n<p>&nbsp;<\/p>\n","protected":false},"excerpt":{"rendered":"<p>Pr\u00e1v\u011b dnes uplynulo p\u0159esn\u011b 50 let od k \u010dinu, kter\u00fd bud\u00ed rozporupln\u00e9 emoce je\u0161t\u011b i po tak dlouh\u00e9 dob\u011b. Jm\u00e9na Jana Palacha znaj\u00ed v \u010cesku snad v\u0161ichni. Lid\u00ed, kte\u0159\u00ed se o jeho p\u0159\u00edb\u011bh zaj\u00edmali detailn\u011bji a zkoumali \u010din, kter\u00fd provedl, je u\u017e ale podstatn\u011b m\u00e9n\u011b. P\u0159ipome\u0148me si alespo\u0148 zlomek z cel\u00e9ho p\u0159\u00edb\u011bhu. Jak reagovali \u0161okovan\u00ed &hellip; <a href=\"http:\/\/www.ironicka-blondyna.cz\/index.php\/2019\/01\/16\/50-let-od-sebeupaleni-palacha-podrazene-nohy-i-prirceni-nakladu-za-soud\/\" class=\"more-link\">Continue reading <span class=\"screen-reader-text\">50 let od sebeup\u00e1len\u00ed Palacha: podra\u017een\u00e9 nohy i p\u0159i\u0159\u010den\u00ed n\u00e1klad\u016f za soud<\/span><\/a><\/p>\n","protected":false},"author":1,"featured_media":325,"comment_status":"open","ping_status":"open","sticky":false,"template":"","format":"standard","meta":{"jetpack_post_was_ever_published":false,"_jetpack_newsletter_access":"","_jetpack_dont_email_post_to_subs":false,"_jetpack_newsletter_tier_id":0,"_jetpack_memberships_contains_paywalled_content":false,"_jetpack_memberships_contains_paid_content":false,"footnotes":"","jetpack_publicize_message":"","jetpack_publicize_feature_enabled":true,"jetpack_social_post_already_shared":true,"jetpack_social_options":{"image_generator_settings":{"template":"highway","default_image_id":0,"font":"","enabled":false},"version":2}},"categories":[1],"tags":[],"class_list":["post-324","post","type-post","status-publish","format-standard","has-post-thumbnail","hentry","category-uncategorized"],"jetpack_publicize_connections":[],"jetpack_featured_media_url":"https:\/\/i0.wp.com\/www.ironicka-blondyna.cz\/wp-content\/uploads\/2019\/01\/dan-self-immolation.jpg?fit=604%2C270","jetpack_sharing_enabled":true,"jetpack_shortlink":"https:\/\/wp.me\/pa81Mi-5e","jetpack-related-posts":[],"_links":{"self":[{"href":"http:\/\/www.ironicka-blondyna.cz\/index.php\/wp-json\/wp\/v2\/posts\/324","targetHints":{"allow":["GET"]}}],"collection":[{"href":"http:\/\/www.ironicka-blondyna.cz\/index.php\/wp-json\/wp\/v2\/posts"}],"about":[{"href":"http:\/\/www.ironicka-blondyna.cz\/index.php\/wp-json\/wp\/v2\/types\/post"}],"author":[{"embeddable":true,"href":"http:\/\/www.ironicka-blondyna.cz\/index.php\/wp-json\/wp\/v2\/users\/1"}],"replies":[{"embeddable":true,"href":"http:\/\/www.ironicka-blondyna.cz\/index.php\/wp-json\/wp\/v2\/comments?post=324"}],"version-history":[{"count":3,"href":"http:\/\/www.ironicka-blondyna.cz\/index.php\/wp-json\/wp\/v2\/posts\/324\/revisions"}],"predecessor-version":[{"id":328,"href":"http:\/\/www.ironicka-blondyna.cz\/index.php\/wp-json\/wp\/v2\/posts\/324\/revisions\/328"}],"wp:featuredmedia":[{"embeddable":true,"href":"http:\/\/www.ironicka-blondyna.cz\/index.php\/wp-json\/wp\/v2\/media\/325"}],"wp:attachment":[{"href":"http:\/\/www.ironicka-blondyna.cz\/index.php\/wp-json\/wp\/v2\/media?parent=324"}],"wp:term":[{"taxonomy":"category","embeddable":true,"href":"http:\/\/www.ironicka-blondyna.cz\/index.php\/wp-json\/wp\/v2\/categories?post=324"},{"taxonomy":"post_tag","embeddable":true,"href":"http:\/\/www.ironicka-blondyna.cz\/index.php\/wp-json\/wp\/v2\/tags?post=324"}],"curies":[{"name":"wp","href":"https:\/\/api.w.org\/{rel}","templated":true}]}}