{"id":1538,"date":"2024-12-29T11:51:59","date_gmt":"2024-12-29T11:51:59","guid":{"rendered":"https:\/\/www.ironicka-blondyna.cz\/?p=1538"},"modified":"2024-12-29T11:51:59","modified_gmt":"2024-12-29T11:51:59","slug":"catanzaro-xi-kapitola-mezi-lzi-a-vernosti","status":"publish","type":"post","link":"http:\/\/www.ironicka-blondyna.cz\/index.php\/2024\/12\/29\/catanzaro-xi-kapitola-mezi-lzi-a-vernosti\/","title":{"rendered":"CATANZARO \u2013 XI. kapitola \u2013 Mezi l\u017e\u00ed a v\u011brnost\u00ed"},"content":{"rendered":"<p><strong>\u201eHej, Luno,\u201c<\/strong> zaje\u010del Andrea a zb\u011bsile do Italky str\u010dil v\u00a0moment\u011b, kdy cht\u011bla odemknout dve\u0159e sv\u00e9ho domu.<br \/>\n<strong>\u201eCo na m\u011b sah\u00e1\u0161?\u201c<\/strong> obo\u0159ila se a \u0161\u0165ouchla ho nazp\u00e1tek.<br \/>\n<strong>\u201eV\u00e1\u017en\u011b si ty a ta va\u0161e banda mysl\u00edte, \u017ee vyhro\u017eov\u00e1n\u00ed pom\u016f\u017ee k\u00a0tomu, abych prachy sehnal rychleji?\u201c<\/strong> zvy\u0161oval na ni hlas majitel nev\u011bstince, na kter\u00e9ho Marco n\u011bkolikr\u00e1t tla\u010dil s\u00a0nedoplatkem.<br \/>\nAndrea se s\u00a0Lunou \u010d\u00e1ste\u010dn\u011b znal, proto\u017ee na st\u0159edn\u00ed m\u011bli oba brig\u00e1du ve stejn\u00e9 kav\u00e1rn\u011b kousek od n\u00e1m\u011bst\u00ed v\u00a0centru Catanzara. Nebyli velc\u00ed p\u0159\u00e1tel\u00e9, dokonce ani neudr\u017eovali \u017e\u00e1dn\u00fd kontakt, ale jeden o druh\u00e9m v\u011bd\u011bli a kdykoliv na sebe narazili, zdvo\u0159ile se pozdravili. Te\u010f ale z\u00a0Itala slu\u0161nost vyprchala. Krom\u011b toho, \u017ee byl v\u00a0konc\u00edch, dal si trochu kokainu, ne\u017e se za Lunou vypravil.<br \/>\n<strong>\u201eM\u00e1m vlastn\u00edch probl\u00e9m\u016f dost. Jak m\u00e1m v\u011bd\u011bt, o co jde?\u201c<\/strong> zeptala se nep\u0159\u00edjemn\u011b.<!--more--><br \/>\n<strong>\u201eMarco se ze m\u011b pokou\u0161\u00ed vyml\u00e1tit prachy, kter\u00e9 nem\u00e1m. Nejsou k\u0161efty, jako kdyby to nikdo z\u00a0v\u00e1s nech\u00e1pal. Tahle sez\u00f3na byla prost\u011b mizern\u00e1 a vy se po\u0159\u00e1d sna\u017e\u00edte m\u011b vyko\u0159is\u0165ovat!\u201c<\/strong> je\u010del na ni.<br \/>\nLuna si v\u0161imla, \u017ee je evidentn\u011b Andrea \u00fapln\u011b mimo a ve sv\u00e9 podstat\u011b p\u0159esn\u011b n\u011bkoho takov\u00e9ho te\u010f pot\u0159ebovala.<br \/>\n<strong>\u201eFajn. Tak to nepla\u0165. Domluv\u00edm jim,\u201c<\/strong> \u0159ekla o pozn\u00e1n\u00ed klidn\u011bji.<br \/>\n<strong>\u201eFakt?\u201c<\/strong> zaradoval se Andrea, kter\u00e9mu pod vlivem v\u016fbec nebylo divn\u00e9, \u017ee by takov\u00e9 \u0159e\u0161en\u00ed p\u0159i\u0161lo a\u017e moc hladce. Vlastn\u011b mo\u017en\u00e1 ani kdyby si p\u0159edt\u00edm \u017e\u00e1dn\u00e9 drogy nedal, nedo\u0161lo mu to. Nebyl zrovna nejchyt\u0159ej\u0161\u00edm podnikatelem v\u00a0Kal\u00e1brii.<br \/>\n<strong>\u201e<em>S\u00ec<\/em>. Ale nebude to zadarmo,\u201c<\/strong> upozornila ho.<br \/>\nAndrea zoufale zask\u0159ehotal.<br \/>\n<strong>\u201eP\u0159ipletla se n\u00e1m do cesty mlad\u00e1 De Ricciov\u00e1, kter\u00e1 zkou\u0161\u00ed vyd\u00edrat. Pot\u0159ebujeme n\u011bkoho, na koho nem\u00e1me viditeln\u00e9 vazby, aby se j\u00ed zbavil,\u201c<\/strong> pravila.<br \/>\n<strong>\u201eM\u00e1m ji odkr\u00e1glovat?\u201c<\/strong> vyhrkl \u0161okovan\u011b.<br \/>\n<strong>\u201eNemus\u00ed\u0161. Taky m\u016f\u017ee\u0161 sehnat ten bal\u00edk, kter\u00fd dlu\u017e\u00ed\u0161,\u201c<\/strong> p\u0159ipomn\u011bla mu v\u00a0zoufal\u00e9 situaci druhou variantu.<br \/>\n<strong>\u201eV\u017edy\u0165 j\u00e1 nem\u00e1m ani po\u0159\u00e1dnou boucha\u010dku,\u201c<\/strong> pod\u00edval se na ni zoufale.<br \/>\n<strong>\u201eTvoje starost je ji odd\u011blat. Kdy, kde a \u010d\u00edm u\u017e je moje starost. Ber, nebo nech b\u00fdt,\u201c<\/strong> \u0159ekla chladn\u011b.<br \/>\n<strong>\u201eM\u016fj bo\u017ee,\u201c<\/strong> zask\u0159ehotal zase Andrea, kter\u00fd cht\u011bl s\u00e1m sebe politovat.<br \/>\n<strong>\u201eAle dob\u0159e m\u011b poslouchej. Tohle z\u016fstane jenom mezi mnou a tebou. Nedozv\u00ed se to Marco, nedozv\u00ed se to Frederico a nedozv\u00ed se to ani nikdo jin\u00fd. Kredit si za tohle p\u0159ip\u00ed\u0161u j\u00e1. Takhle to bude, pokud se chce\u0161 vyl\u00edzat z\u00a0toho sv\u00e9ho pr\u016fseru. A j\u00e1 t\u011bm dv\u011bma poru\u010d\u00edm, aby ti dali pokoj,\u201c<\/strong> upozornila ho.<\/p>\n<p style=\"text-align: center;\">* * * *<\/p>\n<p>Frederico sed\u011bl u kuchy\u0148sk\u00e9ho stolu a pozoroval, jak se Marco ve sv\u00e9 kuchyni sna\u017e\u00ed p\u0159ipravit bruschettu. Na stole byly dv\u011b sklenice a l\u00e1hev prosecca, kter\u00e9 si zam\u00fd\u0161leli d\u00e1t p\u0159edt\u00edm, ne\u017e mafi\u00e1nsk\u00fd synek vyraz\u00ed pro Chiaru.<br \/>\n<strong>\u201eNeboj\u00ed\u0161 se, \u017ee kdy\u017e t\u011b podrazila jednou, ud\u011bl\u00e1 to znovu?\u201c<\/strong> zeptal se Marco, zat\u00edmco l\u017ei\u010dkou l\u00e1doval raj\u010data na ope\u010den\u00fd pl\u00e1tek b\u00edl\u00e9ho chleba. Raj\u010data m\u011bl ale nasekan\u00e1 na zbyte\u010dn\u011b velk\u00e9 kousky a tak mu \u010d\u00e1st popadala. Frederico ho zaujat\u011b sledoval a nedok\u00e1zal pochopit, \u017ee n\u011bkdo dok\u00e1\u017ee zmastit i ten nejjednodu\u0161\u0161\u00ed italsk\u00fd pokrm. Napadlo ho, jak\u00fd probl\u00e9m by dok\u00e1zal Marco vytvo\u0159it v\u00a0p\u0159\u00edpad\u011b, \u017ee by se rozhodli d\u00e1t si jen chleba s\u00a0olivov\u00fdm olejem.<br \/>\n<strong>\u201eNechce\u0161 s\u00a0t\u00edm pomoct? Nebo je\u0161t\u011b l\u00edp, n\u011bco si objednat?\u201c<\/strong> pod\u00edval se na n\u011bj podez\u0159\u00edvav\u011b.<br \/>\n<strong>\u201eNe, v\u0161echno jde podle pl\u00e1nu. Tohle m\u011b nau\u010dila <em>Nonna<\/em>, kr\u00e1jet to takhle na v\u011bt\u0161\u00ed kousky,\u201c<\/strong> vym\u00fd\u0161lel si Marco, kter\u00fd se sna\u017eil takto omluvit svou ne\u0161ikovnost.<br \/>\n<strong>\u201eA ohledn\u011b Chiary\u2026 ne, z n\u011bjak\u00e9ho d\u016fvodu, kter\u00fd nedok\u00e1\u017eu moc dob\u0159e popsat, m\u00e1m dojem, \u017ee j\u00ed m\u016f\u017eu v\u011b\u0159it,\u201c<\/strong> \u0159ekl Ital, kter\u00fd neum\u011bl vysv\u011btlit, co ho k\u00a0Ameri\u010dance tolik t\u00e1hlo.<br \/>\n<strong>\u201eLun\u011b je po\u0159\u00e1d trnem v\u00a0oku,\u201c<\/strong> p\u0159ipomn\u011bl Marco.<br \/>\n<strong>\u201eTo m\u011b absolutn\u011b netr\u00e1p\u00ed. Pro Lunu pot\u0159ebujeme n\u011bkoho sehnat. Nem\u00e1\u0161 n\u011bjak\u00e9ho nen\u00e1ro\u010dn\u00e9ho kamar\u00e1da, kter\u00e9mu vyhovuje b\u00fdt tak trochu podpantofl\u00e1k pod dohledem?\u201c<\/strong><br \/>\nMarco se pobaven\u011b u\u0161kl\u00edbl.<br \/>\n<strong>\u201eNe, nem\u00e1m \u017e\u00e1dn\u00e9ho kamar\u00e1da, kter\u00e9mu bych se cht\u011bl mst\u00edt,\u201c<\/strong> odv\u011btil nakonec.<br \/>\n<strong>\u201eMysl\u00ed\u0161, \u017ee se k\u00a0serv\u00edrov\u00e1n\u00ed dostaneme je\u0161t\u011b dneska?\u201c<\/strong> sto\u010dil Frederico debatu zase zp\u00e1tky k\u00a0j\u00eddlu.<br \/>\n<strong>\u201eD\u011bl\u00e1m, co je v\u00a0m\u00fdch sil\u00e1ch,\u201c<\/strong> reagoval jeho kamar\u00e1d.<br \/>\n<strong>\u201eZd\u00e1 se, \u017ee mele\u0161 pon\u011bkud z\u00a0posledn\u00edho,\u201c<\/strong> poznamenal \u0161tiplav\u011b.<br \/>\n<strong>\u201eJak na to cel\u00e9 vlastn\u011b reaguje tv\u016fj t\u00e1ta?\u201c<\/strong> napadlo je\u0161t\u011b Marca, kdy\u017e na st\u016fl p\u0159inesl svou p\u016flhodinovou pr\u00e1ci a pustil se do otev\u00edr\u00e1n\u00ed prosecca.<br \/>\n<strong>\u201eT\u00e1ta\u2026 asi tu\u0161\u00ed, s\u00a0k\u00fdm jsem te\u010f tr\u00e1vil \u010das, ale neptal se. O tom vyd\u00edr\u00e1n\u00ed mu nechci \u0159\u00edkat, ale chci mu vysv\u011btlit, \u017ee budu r\u00e1d, kdy\u017e Chiaru nebude soudit jenom na z\u00e1klad\u011b jm\u00e9na,\u201c<\/strong> nast\u00ednil Frederico, kter\u00fd se nat\u00e1hl pro jeden kousek bruschetty, kousl a po\u0159\u00e1dn\u011b se za\u0161klebil.<br \/>\n<strong>\u201eMamma mia, tob\u011b se povedlo to p\u0159ip\u00e1lit,\u201c<\/strong> zhodnotil.<br \/>\nMarco se na n\u011bj dot\u010den\u011b pod\u00edval.<br \/>\n<strong>\u201eNikdo t\u011b nenutil to j\u00edst,\u201c<\/strong> utrousil nakonec.<br \/>\n<strong>\u201eJ\u00e1 v\u00edm, ale myslel jsem, \u017ee kdy\u017e jsi mi psal, \u017ee bude\u0161 d\u011blat bruschettu, \u017ee bych si p\u0159ece jenom kousek dal. Posledn\u00ed dobou d\u011bl\u00e1m sam\u00e1 neuv\u00e1\u017een\u00e1 rozhodnut\u00ed,\u201c<\/strong> zavtipkoval s\u00a0v\u00e1\u017enou tv\u00e1\u0159\u00ed a rozjezen\u00fd kousek str\u010dil zp\u00e1tky na tal\u00ed\u0159.<\/p>\n<p>Ani jeden tou dobou netu\u0161ili, \u017ee se Luna Marcovi nap\u00edchla na telefon a celou konverzaci poslouchala. V\u011bd\u011bla dob\u0159e, kde a s\u00a0k\u00fdm m\u00e1 Frederico str\u00e1vit dne\u0161n\u00ed ve\u010der. Sed\u011bla v\u00a0aut\u011b kousek od Marcova domu a s\u00a0lehk\u00fdm pnut\u00edm v\u00a0b\u0159i\u0161e p\u0159em\u00fd\u0161lela, jestli chce se z\u00edskan\u00fdmi informacemi opravdu nalo\u017eit tak radik\u00e1ln\u00edm zp\u016fsobem, jak\u00fd se j\u00ed rodil v\u00a0hlav\u011b. Prsty prav\u00e9 ruky nerv\u00f3zn\u011b bubnovala o volant a zkou\u0161ela porovn\u00e1vat, kter\u00fd sc\u00e9n\u00e1\u0159 bude hor\u0161\u00ed. M\u011bla v\u00a0pl\u00e1nu Andreu na\u0161tenkrovat tak, aby v\u0161e vypadalo, jako\u017ee cel\u00fd \u00fatok se st\u0159elbou je sm\u011b\u0159ov\u00e1n na Frederica a Chiara se jen p\u0159ipletla do cesty. Pokud by ale p\u0159ece jen Fredo zjistil, jak se v\u011bci m\u011bly, co\u017e byl velmi re\u00e1ln\u00fd sc\u00e9n\u00e1\u0159, pak by pro n\u011bj Luna skon\u010dila. A bylo ot\u00e1zkou, jak by skon\u010dila obecn\u011b. Jen\u017ee tahle varianta ji st\u00e1le p\u0159i\u0161la lep\u0161\u00ed, ne\u017e sledovat, jak si Frederico h\u0159eje na srdci tu americkou zmiji a tetel\u00ed se \u0161t\u011bst\u00edm.<br \/>\nS\u00e1hla na sedadlo spolujezdce pro sv\u016fj telefon a za\u010dala Andreovi datlovat zpr\u00e1vu s\u00a0p\u0159esn\u00fdmi instrukcemi kde a v\u00a0kolik se spolu maj\u00ed setkat.<\/p>\n<p style=\"text-align: center;\">* * * *<\/p>\n<p>Restaurace, kterou Frederico vybral pro ve\u010der s Chiarou za sebou m\u011bla pom\u011brn\u011b drsnou historii. V osmdes\u00e1tk\u00e1ch to byl mil\u00fd podnik hned u mo\u0159e, kter\u00fd m\u011bl t\u00e9matick\u00fd interi\u00e9r s \u00fatuln\u00fdm d\u0159ev\u011bn\u00fdm n\u00e1bytkem a p\u0159\u00edjemnou terasou. Jen\u017ee pak se majitel dostal do k\u0159\u00ed\u017eku s nedalekou konkurenc\u00ed a od\u0161puntoval t\u00edm s\u00e9rii krut\u00fdch odplat, kter\u00e9 vyvrcholily vyp\u00e1len\u00edm podniku. Nezbylo z n\u011bj nic ne\u017e oho\u0159el\u00e9 st\u011bny. Ani to tehdy \u0161\u00e9fa Vento Marino nepolo\u017eilo. Koupil v\u011bt\u0161\u00ed lo\u010f, na m\u00edst\u011b terasy nechal p\u0159ipravit r\u00e1doby minip\u0159\u00edstav a restauraci za\u010dal provozovat na on\u00e9 lodi. Chiara p\u0159es okno sledovala, jak se ve tm\u011b pomalu za\u010d\u00ednaj\u00ed ostatn\u00ed lod\u011b vracet zp\u00e1tky k pevnin\u011b.<br \/>\n<strong>\u201eNechyb\u00ed ti n\u011bkdy p\u0159es rok It\u00e1lie?\u201c<\/strong> zaj\u00edmal se Fredo.<br \/>\nBlond\u00fdnka se usm\u00e1la a lehce na stole zakrou\u017eila sklenic\u00ed s\u00a0v\u00ednem.<br \/>\n<strong>\u201eChyb\u00ed mi mo\u0159e, slun\u00ed\u010dko, italsk\u00e1 v\u0159elost\u2026 Chyb\u00ed mi vyb\u00edravost nad j\u00eddlem, vkusn\u011b oble\u010den\u00ed lid\u00e9. Asi jo, v\u00a0sou\u010dtu mi asi chyb\u00ed It\u00e1lie,\u201c<\/strong> p\u0159iznala.<br \/>\n<strong>\u201eA zm\u011bnilo se n\u011bco s\u00a0tv\u00fdm rozhodnut\u00edm se vr\u00e1tit zp\u00e1tky do Ameriky?\u201c<\/strong><br \/>\nChiara zavrt\u011bla hlavou.<br \/>\n<strong>\u201eM\u00e1m u\u017e koupenou letenku. To, co se stalo, m\u011b mrz\u00ed a a\u010dkoliv to tady miluju, cht\u011bla bych te\u010f b\u00fdt aspo\u0148 p\u00e1r t\u00fddn\u016f doma, daleko od v\u0161eho\u2026\u201c<\/strong> \u0159ekla trochu unaven\u011b.<br \/>\n<strong>\u201eA potom?\u201c<\/strong> vyzv\u00eddal Ital.<br \/>\n<strong>\u201ePotom nev\u00edm, asi bych m\u011bla za\u010d\u00edt hledat n\u011bjakou pr\u00e1ci. Dluhy jsou pry\u010d, ale pen\u00edze taky,\u201c<\/strong> zap\u0159em\u00fd\u0161lela nahlas.<br \/>\n<strong>\u201eA kdyby se pr\u00e1ce na\u0161la v\u00a0Kal\u00e1brii? Z\u016fstala bys?\u201c<\/strong><br \/>\nAmeri\u010danka se musela usm\u00edvat nad t\u00edm, jak Frederico hledal uli\u010dky k tomu, aby mu neutekla. P\u0159ipadalo j\u00ed to vlastn\u011b docela roztomil\u00e9, ale v\u011bd\u011bla, \u017ee pot\u0159ebuje odstup, aby si mohla v hlav\u011b ut\u0159\u00eddit my\u0161lenky. L\u00edbilo se j\u00ed, \u017ee j\u00ed nep\u0159estal nadb\u00edhat, fyzicky ji p\u0159itahoval, ale nebyla si dost dob\u0159e jist\u00e1 t\u00edm, jak by na jejich p\u0159\u00edpadn\u00fd vztah reagovaly ob\u011b rodiny. Nav\u00edc tohle mafi\u00e1nsk\u00e9 prost\u0159ed\u00ed nebylo m\u00edstem, kde by se cht\u011bla pohybovat. Cht\u011bla sv\u016fj klid.<br \/>\n<strong>\u201eV Kal\u00e1brii nem\u00e1 pr\u00e1ci skoro nikdo,\u201c<\/strong> poznamenala.<br \/>\n<strong>\u201eV Kal\u00e1brii nem\u00e1 pr\u00e1ci ten, kdo nezn\u00e1 spr\u00e1vn\u00e9 lidi,\u201c<\/strong> odv\u011btil Frederico a napil se ze sklenice v\u00edna.<br \/>\n<strong>\u201ePak tady asi nikdo nikoho moc dob\u0159e nezn\u00e1, proto\u017ee kdy\u017e jsem studovala v\u00a0Mil\u00e1n\u011b, pochopila jsem, \u017ee Lombardie je pln\u00e1 lid\u00ed z\u00a0Kamp\u00e1nie, Kal\u00e1brie a Apulie,\u201c<\/strong> r\u00fdpla si.<br \/>\nFrederico se pobaven\u011b usm\u00e1l, zavrt\u011bl hlavou a nakonec se vr\u00e1til ke sv\u00e9mu kamenn\u00e9mu v\u00fdrazu.<br \/>\n<strong>\u201eTo je chyba toho, \u017ee se \u0161patn\u011b seznamujou. Ale kde jinde ne\u017e u n\u00e1s je pot\u0159eba dobr\u00fdch pr\u00e1vn\u00edk\u016f,\u201c<\/strong> polo\u017eil \u0159e\u010dnickou ot\u00e1zku.<br \/>\nChiara zavrt\u011bla hlavou.<br \/>\n<strong>\u201eAle j\u00e1 nejsem pr\u00e1vni\u010dka. Nedod\u011blala jsem \u0161kolu. N\u011bco m\u00e1lo o pr\u00e1vech v\u00edm, ale kdybych m\u011bla n\u011bkoho zastupovat\u2026 asi i jen za kr\u00e1de\u017e \u017ev\u00fdka\u010dek by ho za\u0161ili na deset let,\u201c<\/strong> \u0159ekla nadnesen\u011b.<br \/>\n<strong>\u201eAni nev\u00ed\u0161, jak moc se takov\u00fd pr\u00e1vn\u00edk m\u016f\u017ee hodit,\u201c<\/strong> zap\u0159em\u00fd\u0161lel Frederico nad v\u0161emi sv\u00fdmi nep\u0159\u00e1teli, kter\u00fdm by takov\u00e9ho pr\u00e1vn\u00edho z\u00e1stupce r\u00e1d dohodil.<br \/>\n<strong>\u201eAle v\u00e1\u017en\u011b\u2026 M\u00e1mina kamar\u00e1dka je v\u00fdborn\u00e1 advok\u00e1tka. Nev\u00edm, jestli ti n\u011bco \u0159\u00edk\u00e1 kancel\u00e1\u0159 Studio Legale Berenetti, ale pokud ne, hledaj\u00ed n\u011bkoho, kdo by byl pravou rukou majitelky. A z\u00a0vlastn\u00ed zku\u0161enosti m\u016f\u017eu \u0159\u00edct, \u017ee ty to s\u00a0lidmi um\u00ed\u0161,\u201c<\/strong> r\u00fdpl si.<br \/>\n<strong>\u201eFrederico,\u201c<\/strong> usm\u00e1la se Chiara a po\u010dkala, a\u017e p\u0159ich\u00e1zej\u00edc\u00ed obsluha ze stolu odnese n\u00e1dob\u00ed, aby nemusela monolog pron\u00e1\u0161et p\u0159ed \u010d\u00ed\u0161n\u00edkem.<br \/>\n<strong>\u201eJestli chce\u0161, le\u0165 do Ameriky se mnou. P\u00e1r t\u00fddn\u016f to tady bez tebe nejsp\u00ed\u0161 zvl\u00e1dnou. Ale j\u00e1 si tady prozat\u00edm \u017e\u00e1dn\u00e9 z\u00e1vazky vytv\u00e1\u0159et nechci. A p\u0159izn\u00e1v\u00e1m, \u017ee je to proto, \u017ee se nec\u00edt\u00edm bezpe\u010dn\u011b,\u201c<\/strong> vyj\u00e1d\u0159ila sv\u00e9 obavy.<br \/>\n<strong>\u201eTe\u010f nem\u016f\u017eu odlet\u011bt. T\u00e1tova kampa\u0148 je skoro u konce a p\u0159ech\u00e1z\u00ed se k\u00a0tomu z\u00e1sadn\u00edmu. Ale chci t\u011b ujistit, \u017ee pokud jsi se mnou, nem\u00e1\u0161 se \u010deho b\u00e1t. Nikdy,\u201c<\/strong> \u0159ekl Frederico v\u00e1\u017en\u011b a polo\u017eil svou dla\u0148 na Chia\u0159inu ruku.<br \/>\n<strong>\u201eSe mnou jsi v\u00a0bezpe\u010d\u00ed,\u201c<\/strong> pravil, zat\u00edmco ji hled\u011bl hluboko do o\u010d\u00ed.<\/p>\n<p style=\"text-align: center;\">\n* * * *<\/p>\n<p>Marco se v\u00e1lel na gau\u010di u televize a sledoval fotbal. U\u017e u\u017e se cht\u011bl zlobit na rozhod\u010d\u00ed, jak mohl neodp\u00edskat jasn\u00fd faul na Bonaventuru, kdy\u017e se mu rozdrn\u010del telefon.<br \/>\n<strong>\u201eAndreo, tebe bych na dr\u00e1t\u011b v\u00a0tuhle chv\u00edli \u010dekal nejm\u00e9n\u011b. U\u017e jsi sehnal ty pen\u00edze?\u201c<\/strong> zvedl hovor a nat\u00e1hl se pro pivo, kter\u00e9 m\u011bl na konferen\u010dn\u00edm stolku p\u0159ed sebou.<br \/>\n<strong>\u201eLuna se zbl\u00e1znila! Nut\u00ed m\u011b vra\u017edit n\u011bjakou holku, donesla trhavinu i boucha\u010dku a chce, abych odd\u011blal n\u011bkoho, kdo te\u010f sed\u00ed v\u00a0Riverou v\u00a0restauraci. \u0158\u00edkala, \u017ee m\u00e1m d\u011blat v\u0161echno pro to, aby to vypadalo jako \u00fatok na n\u011bj, ale j\u00e1 tohle nezvl\u00e1dnu! U\u017e m\u00e1m po krk t\u011bch va\u0161ich pod\u011blan\u00fdch her, ur\u010dit\u011b je to zase n\u011bjak\u00e1 bouda, vy gr\u00e1zlov\u00e9! Nenech\u00e1m se uvrtat do vra\u017edy, ur\u010dit\u011b chcete, abych odpr\u00e1skl Frederica a je to cel\u00e9 past,\u201c<\/strong> vyhrkl ze sebe naprosto rozhozen\u011b Andrea, kter\u00fd byl tou dobou zase pod vlivem kokainu. Te\u010f ale podstatn\u011b v\u011bt\u0161\u00ed d\u00e1vky. Marco spustil nohy z\u00a0konferen\u010dn\u00edho stolku zp\u00e1tky na podlahu a zarazil se.<br \/>\n<strong>\u201eCo? O \u010dem to mluv\u00ed\u0161? Koho m\u00e1\u0161 zab\u00edt?\u201c<\/strong><br \/>\n<strong>\u201eJ\u00e1 nev\u00edm, pr\u00fd je to mlad\u00e1 De Ricciov\u00e1, kdy\u017e ji odd\u011bl\u00e1m, anulujete mi dluh. Tak to Luna \u0159\u00edkala. Ale j\u00e1 to nedok\u00e1\u017eu. Pr\u00fd pokud to neud\u011bl\u00e1m j\u00e1, ud\u011bl\u00e1 to ona a potom si m\u011b najde. J\u00e1 ty prachy ku**a se\u017eenu, ale necht\u011bjte po m\u011b tohle!\u201c<\/strong> je\u010del Andrea, kter\u00fd se schov\u00e1val v\u00a0lesnat\u00e9m parku kousek od restaurace, kde \u00a0Chiara s\u00a0Fredericem ve\u010de\u0159eli. Luna tou dobou chystala v\u0161echny v\u011bci p\u0159ipraven\u00e9 k\u00a0\u00fatoku a Andrea t\u00e9hle chv\u00edle vyu\u017eil proto, aby zalarmoval Marca.<br \/>\n<strong>\u201ePoslouchej m\u011b. Pokud to ud\u011bl\u00e1\u0161, garantuju ti, \u017ee u\u017e t\u011b nikdy nikdo nenajde. Lunu mus\u00ed\u0161 zastavit. Kde jste?\u201c<\/strong><br \/>\n<strong>\u201eJ\u00e1 ji m\u00e1m zastavit? To va\u0161e pod\u011blan\u00e9 vyhro\u017eov\u00e1n\u00ed u\u017e se fakt vymyk\u00e1 z\u00a0rukou, nezm\u016f\u017eu v\u016fbec nic! Sed\u00edme v\u00a0parku u Vento Marino a \u010dek\u00e1me, a\u017e vyjdou,\u201c<\/strong> informoval Andrea.<br \/>\nPak u\u017e Marco nesly\u0161el v\u016fbec nic. Jen Lunin hlas, Andre\u016fv k\u0159ik a pot\u00e9 telefon ohluchl. Marco vysko\u010dil z\u00a0gau\u010de a hnal se k\u00a0autu, p\u0159i\u010dem\u017e se po cest\u011b sna\u017eil dovolat Fredericovi. Ten m\u011bl tou dobou ale \u00fapln\u011b jin\u00e9 starosti a tak jeho hovor n\u011bkolikr\u00e1t odm\u00edtl.<br \/>\n<strong>\u201eLuna?\u201c<\/strong> r\u00fdpla si Chiara a vypila posledn\u00ed dou\u0161ky v\u00edna ze sv\u00e9 sklenice.<br \/>\n<strong>\u201eNe, Marco,\u201c<\/strong> zavrt\u011bl Ital hlavou. Trochu p\u0159em\u00fd\u0161lel nad t\u00edm, co se d\u011bje, ale v\u016f\u010di jeho doprovodu mu p\u0159i\u0161lo neslu\u0161n\u00e9 ten telefon zvednout. Ostatn\u011b, rande se ch\u00fdlilo ke konci a tak zam\u00fd\u0161lel mu zavolat nazp\u00e1tek pot\u00e9, co Chiaru zaveze dom\u016f.<br \/>\n<strong>\u201eTak to zvedni,\u201c<\/strong> pob\u00eddla ho Chiara.<br \/>\n<strong>\u201ePotom mu zavol\u00e1m,\u201c<\/strong> m\u00e1vl Frederico rukou a pod\u00edval se na proch\u00e1zej\u00edc\u00edho \u010d\u00ed\u0161n\u00edka.<br \/>\n<strong><em>\u201eIl conto, per favore,\u201c<\/em> <\/strong>po\u017e\u00e1dal ho o \u00fa\u010det.<\/p>\n","protected":false},"excerpt":{"rendered":"<p>\u201eHej, Luno,\u201c zaje\u010del Andrea a zb\u011bsile do Italky str\u010dil v\u00a0moment\u011b, kdy cht\u011bla odemknout dve\u0159e sv\u00e9ho domu. \u201eCo na m\u011b sah\u00e1\u0161?\u201c obo\u0159ila se a \u0161\u0165ouchla ho nazp\u00e1tek. \u201eV\u00e1\u017en\u011b si ty a ta va\u0161e banda mysl\u00edte, \u017ee vyhro\u017eov\u00e1n\u00ed pom\u016f\u017ee k\u00a0tomu, abych prachy sehnal rychleji?\u201c zvy\u0161oval na ni hlas majitel nev\u011bstince, na kter\u00e9ho Marco n\u011bkolikr\u00e1t tla\u010dil s\u00a0nedoplatkem. Andrea &hellip; <a href=\"http:\/\/www.ironicka-blondyna.cz\/index.php\/2024\/12\/29\/catanzaro-xi-kapitola-mezi-lzi-a-vernosti\/\" class=\"more-link\">Continue reading <span class=\"screen-reader-text\">CATANZARO \u2013 XI. kapitola \u2013 Mezi l\u017e\u00ed a v\u011brnost\u00ed<\/span><\/a><\/p>\n","protected":false},"author":1,"featured_media":1498,"comment_status":"open","ping_status":"open","sticky":false,"template":"","format":"standard","meta":{"jetpack_post_was_ever_published":false,"_jetpack_newsletter_access":"","_jetpack_dont_email_post_to_subs":false,"_jetpack_newsletter_tier_id":0,"_jetpack_memberships_contains_paywalled_content":false,"_jetpack_memberships_contains_paid_content":false,"footnotes":"","jetpack_publicize_message":"","jetpack_publicize_feature_enabled":true,"jetpack_social_post_already_shared":true,"jetpack_social_options":{"image_generator_settings":{"template":"highway","default_image_id":0,"font":"","enabled":false},"version":2}},"categories":[1],"tags":[],"class_list":["post-1538","post","type-post","status-publish","format-standard","has-post-thumbnail","hentry","category-uncategorized"],"jetpack_publicize_connections":[],"jetpack_featured_media_url":"https:\/\/i0.wp.com\/www.ironicka-blondyna.cz\/wp-content\/uploads\/2024\/07\/catanzaro.jpg?fit=656%2C300","jetpack_sharing_enabled":true,"jetpack_shortlink":"https:\/\/wp.me\/pa81Mi-oO","jetpack-related-posts":[],"_links":{"self":[{"href":"http:\/\/www.ironicka-blondyna.cz\/index.php\/wp-json\/wp\/v2\/posts\/1538","targetHints":{"allow":["GET"]}}],"collection":[{"href":"http:\/\/www.ironicka-blondyna.cz\/index.php\/wp-json\/wp\/v2\/posts"}],"about":[{"href":"http:\/\/www.ironicka-blondyna.cz\/index.php\/wp-json\/wp\/v2\/types\/post"}],"author":[{"embeddable":true,"href":"http:\/\/www.ironicka-blondyna.cz\/index.php\/wp-json\/wp\/v2\/users\/1"}],"replies":[{"embeddable":true,"href":"http:\/\/www.ironicka-blondyna.cz\/index.php\/wp-json\/wp\/v2\/comments?post=1538"}],"version-history":[{"count":1,"href":"http:\/\/www.ironicka-blondyna.cz\/index.php\/wp-json\/wp\/v2\/posts\/1538\/revisions"}],"predecessor-version":[{"id":1539,"href":"http:\/\/www.ironicka-blondyna.cz\/index.php\/wp-json\/wp\/v2\/posts\/1538\/revisions\/1539"}],"wp:featuredmedia":[{"embeddable":true,"href":"http:\/\/www.ironicka-blondyna.cz\/index.php\/wp-json\/wp\/v2\/media\/1498"}],"wp:attachment":[{"href":"http:\/\/www.ironicka-blondyna.cz\/index.php\/wp-json\/wp\/v2\/media?parent=1538"}],"wp:term":[{"taxonomy":"category","embeddable":true,"href":"http:\/\/www.ironicka-blondyna.cz\/index.php\/wp-json\/wp\/v2\/categories?post=1538"},{"taxonomy":"post_tag","embeddable":true,"href":"http:\/\/www.ironicka-blondyna.cz\/index.php\/wp-json\/wp\/v2\/tags?post=1538"}],"curies":[{"name":"wp","href":"https:\/\/api.w.org\/{rel}","templated":true}]}}