{"id":1531,"date":"2024-10-27T06:00:26","date_gmt":"2024-10-27T06:00:26","guid":{"rendered":"https:\/\/www.ironicka-blondyna.cz\/?p=1531"},"modified":"2024-10-27T08:09:52","modified_gmt":"2024-10-27T08:09:52","slug":"catanzaro-ix-kapitola-celestino","status":"publish","type":"post","link":"http:\/\/www.ironicka-blondyna.cz\/index.php\/2024\/10\/27\/catanzaro-ix-kapitola-celestino\/","title":{"rendered":"CATANZARO \u2013 IX. kapitola \u2013 Celestino"},"content":{"rendered":"<p>Frederico si povzdychl a sv\u016fj pohled p\u0159esunul z\u00a0bl\u00ed\u017e\u00edc\u00ed se Luny na Chiaru.<br \/>\n<strong>\u201eP\u0159ijet tady byl \u0161patn\u00fd n\u00e1pad,\u201c<\/strong> \u0159ekl odm\u011b\u0159en\u011b, ale p\u0159esto se p\u0159ed n\u00ed ochran\u00e1\u0159sky postavil. Dok\u00e1zal si p\u0159edstavit, \u010deho je Luna schopn\u00e1.<br \/>\n<strong>\u201eTu\u0161ila jsem, \u017ee moje m\u00edsto po tv\u00e9m boku moc dlouho voln\u00e9 nez\u016fstalo,\u201c<\/strong> u\u0161kl\u00edbla se Luna, kdy\u017e pomal\u00fdm krokem dokr\u00e1\u010dela od auta k\u00a0Fredericovi.<br \/>\nItal ml\u010del.<br \/>\n<strong>\u201eTak snad u\u017e i ty v\u00ed\u0161, \u017ee m\u00e1\u0161 v\u00a0ko\u017eichu ve\u0161,\u201c<\/strong> r\u00fdpla si a pod\u00edvala se zlov\u011bstn\u011b na Chiaru.<br \/>\n<strong>\u201eP\u0159edpokl\u00e1d\u00e1m, \u017ee to je pro tebe velk\u00e1 \u00faleva,\u201c<\/strong> \u0159ekl otr\u00e1ven\u011b.<br \/>\n<strong>\u201eNe, jen zadostiu\u010din\u011bn\u00ed. Od za\u010d\u00e1tku jsem v\u011bd\u011bla, \u017ee je na n\u00ed n\u011bco divn\u00e9ho. Pak mi to t\u0159i lid\u00e9 potvrdili,\u201c<\/strong> \u0159ekla Luna s\u00a0\u00fasm\u011bvem a naklonila hlavu tak, aby na Chiaru stoj\u00edc\u00ed za Fredericem l\u00e9pe vid\u011bla.<br \/>\n<strong>\u201eCo s\u00a0n\u00ed te\u010f ud\u011bl\u00e1me? P\u0159edpokl\u00e1d\u00e1m, \u017ee si t\u011b omotala kolem prstu, tak\u017ee nejsi schopn\u00fd racion\u00e1ln\u00edho \u00fasudku,\u201c<\/strong> sto\u010dila pohled zp\u00e1tky k\u00a0Italovi.<br \/>\n<strong>\u201eA ty ho schopn\u00e1 jsi?\u201c<\/strong> nadzvedl obo\u010d\u00ed.<br \/>\n<strong>\u201eKdyby bylo po m\u00e9m,\u201c<\/strong> nadechla se Luna a p\u0159em\u00fd\u0161lela, jestli my\u0161lenku dokon\u010dit.<br \/>\nByla toti\u017e pom\u011brn\u011b brut\u00e1ln\u00ed a uv\u011bdomovala si, \u017ee pokud by dala pr\u016fchod emoc\u00edm, byla by v\u00a0o\u010d\u00edch Frederica za tyranku, co\u017e necht\u011bla.<br \/>\n<strong>\u201eTo je jedno, te\u010f je to ostatn\u011b tv\u016fj probl\u00e9m, ne m\u016fj. V\u011b\u0159\u00edm, \u017ee i ty s\u00e1m ch\u00e1pe\u0161, \u017ee tahle blecha je tady proto, aby ohro\u017eovala tvou rodinu pro prosp\u011bch t\u00e9 sv\u00e9. A naopak nev\u011b\u0159\u00edm tomu, \u017ee kv\u016fli jedn\u00e9 potvo\u0159e <\/strong><strong>nech\u00e1\u0161 potopit sv\u00e9ho t\u00e1tu, kter\u00fd by za tebe d\u00fdchal. To je v\u0161echno, co jsem cht\u011bla. Kdyby n\u011bco, v\u00ed\u0161, kde m\u011b najde\u0161.\u201c<\/strong><br \/>\nNa rozlou\u010denou mu v\u011bnovala chladn\u00fd pohled do o\u010d\u00ed a ode\u0161la zp\u00e1tky k\u00a0autu. Frederico ji sledoval a\u017e do chv\u00edle, ne\u017e opustila pozemek a pak se oto\u010dil zp\u00e1tky k\u00a0Chia\u0159e.<br \/>\n<strong>\u201eTo, co \u0159ekla, je pravda. Kv\u016fli tob\u011b te\u010f m\u016f\u017eou trp\u011bt lidi, na kter\u00fdch mi v\u00a0\u017eivot\u011b z\u00e1le\u017e\u00ed nejv\u00edc. Jenom abys byla uvedena do kontextu, pokud to z\u00a0na\u0161\u00ed p\u0159edchoz\u00ed debaty nebylo z\u0159ejm\u00e9,\u201c<\/strong> p\u0159ipomn\u011bl j\u00ed.<br \/>\n<strong>\u201eJ\u00e1 v\u00edm, \u017ee jsem to pokazila, ale sna\u017e\u00edm se naj\u00edt cestu. A usnadnilo by mi, kdybys nam\u00edsto naprosto opr\u00e1vn\u011bn\u00fdch v\u00fd\u010ditek za\u010dal spolupracovat. Pomoz mi to napravit a j\u00e1 slibuju, \u017ee pak u\u017e o m\u011b nikdy neusly\u0161\u00ed\u0161,\u201c<\/strong> \u0159ekla v\u00e1\u017en\u011b.<br \/>\n<strong>\u201eFajn, poslouch\u00e1m t\u011b,\u201c<\/strong> pokr\u010dil rameny.<br \/>\n<strong>\u201eElia je tvrdohlav\u00fd, toho nep\u0159esv\u011bd\u010d\u00edm. Ale m\u016f\u017eu se pokusit zlomit t\u00e1tu, ten m\u00e1 svou hrdost, kter\u00e1 mu nedovol\u00ed, aby se za bratra postavil,\u201c<\/strong> na\u010dala sv\u016fj n\u00e1pad.<br \/>\nItal proto\u010dil o\u010di.<br \/>\n<strong>\u201eBudu k\u00a0tob\u011b up\u0159\u00edmn\u00fd,\u201c<\/strong> sko\u010dil j\u00ed do \u0159e\u010di.<br \/>\n<strong>\u201eKdybych to mohl vy\u0159e\u0161it tak, jak chci\u2026 Do ve\u010dera by byl Elia zakopan\u00fd n\u011bkde za m\u011bstem a ty sv\u00e1zan\u00e1 ve sklep\u011b, dokud bych si nerozmyslel, jak si s\u00a0tebou poradit. Ale neud\u011bl\u00e1m to. Proto\u017ee tebe je mi ve sv\u00e9 podstat\u011b vlastn\u011b dost l\u00edto. N\u011bkdo, kdo by t\u011b m\u011bl chr\u00e1nit, z\u00a0tebe ud\u011blal n\u00e1vnadu, kter\u00e1 u\u017e se ani nemusela vr\u00e1tit dom\u016f. Tak\u017ee\u2026. Dob\u0159e. S\u00a0tv\u00fdm t\u00e1tou se chci potkat. Dneska v\u00a0\u0161est ve\u010der v\u00a0Celestinu. Je\u0161t\u011b p\u0159edt\u00edm mi po\u0161li v\u0161echno, co zat\u00edm m\u00e1te k\u00a0tomu po\u017e\u00e1ru kas\u00edna. A kdy\u017e \u0159\u00edk\u00e1m v\u0161echno, mysl\u00edm opravdu v\u0161echno,\u201c<\/strong> \u0159ekl d\u016frazn\u011b.<br \/>\n<strong>\u201eD\u011bkuju,\u201c<\/strong> k\u00fdvla Chiara po chv\u00edli ticha. <strong>\u201eSlibuju, \u017ee pak ti p\u016fjdu z\u00a0o\u010d\u00ed,\u201c<\/strong> ujistila ho a vykro\u010dila ke sv\u00e9mu autu, kter\u00e9 m\u011bla zaparkovan\u00e9 o kousek bl\u00ed\u017ee ne\u017e p\u0159ed chv\u00edli Luna. Za Ameri\u010dankou se te\u010f ale Frederico neot\u00e1\u010del. Chv\u00edli z\u016fstal koukat na pr\u00e1h domu, nakonec kr\u00e1tce zav\u0159el o\u010di, promnul si prstem a ukazov\u00e1\u010dkem ko\u0159en nosu a s rozpa\u010dit\u00fdm v\u00fdrazem ve\u0161el dovnit\u0159.<\/p>\n<p style=\"text-align: center;\">* * * *<\/p>\n<p>Antonio d\u016fm opou\u0161t\u011bl v\u00a0iluzi, \u017ee se m\u00e1 v\u00a0mal\u00e9 \u00fatuln\u00e9 kav\u00e1rn\u011b na pob\u0159e\u017e\u00ed setkat se svou dcerou. Naposledy se pod\u00edval do zrcadla a upravil si ruk\u00e1vy ko\u0161ile, kter\u00e1 mu hloup\u011b p\u0159e\u010duhovala p\u0159es ruk\u00e1vy saka. Ve stejnou chv\u00edli se otev\u0159ely vchodov\u00e9 dve\u0159e, do kter\u00fdch vrazila jeho \u017eena Jessica, z\u00a0jej\u00ed\u017e tv\u00e1\u0159e bylo z\u0159ejm\u00e9, \u017ee je dost rozhozen\u00e1.<br \/>\n<strong>\u201e<em>Amore<\/em>, m\u00e1m n\u011bjak\u00fd probl\u00e9m s kartou. Chov\u00e1 se to, jako kdyby tam nebyl u\u017e ani cent. Pokou\u0161ela jsem se dovolat do banky, ale nikdo mi to u\u017e v tuhle hodinu nebere. Na\u0161la jsem ve v\u00fdprodeji n\u00e1dhern\u00e9 podzimn\u00ed boty, ale nakonec jsem je musela vr\u00e1tit,\u201c<\/strong> posteskla si.<br \/>\nItal k\u00fdvl hlavou.<br \/>\n<strong>\u201eJist\u011b, spoj\u00edm se s\u00a0bank\u00e9\u0159em, z\u00edtra se n\u00e1m to ur\u010dit\u011b n\u011bjak povede vy\u0159e\u0161it,\u201c<\/strong> pok\u00fdval hlavou, a\u010dkoliv p\u0159esn\u011b v\u011bd\u011bl, \u017ee jeho \u017eena prost\u011b jen narazila na dno bankovn\u00edho \u00fa\u010dtu, kter\u00e9 p\u0159estal m\u011bs\u00ed\u010dn\u011b tankovat pen\u011bzi.<br \/>\n<strong>\u201eTak snad tam ty boty je\u0161t\u011b z\u00edtra budou,\u201c<\/strong> povzdychla si, vyzula si lodi\u010dky a vydala se do kuchyn\u011b.<br \/>\nAntonio sice dost dob\u0159e v\u011bd\u011bl, \u017ee je jeho \u017eena z\u00e1visl\u00e1 na pen\u011bz\u00edch, r\u00e1da se obklopuje drah\u00fdmi a luxusn\u00edmi v\u011bcmi, ale vnit\u0159n\u011b se ho jej\u00ed pozn\u00e1mka dotkla. Na druhou stranu si byl v\u011bdom, \u017ee Jessica nem\u00e1 nejmen\u0161\u00ed tu\u0161en\u00ed o tom, v\u00a0jak z\u00e1porn\u00fdch hodnot\u00e1ch se rodinn\u00fd rozpo\u010det nach\u00e1z\u00ed. Pak by ji toti\u017e asi boty tolik netr\u00e1pily.<br \/>\n<strong>\u201eKam vlastn\u011b m\u00ed\u0159\u00ed\u0161?\u201c<\/strong> zeptala se trochu podez\u0159\u00edvav\u011b.<br \/>\n<strong>\u201eChiara se chce sej\u00edt na pob\u0159e\u017e\u00ed. Trochu se d\u011bs\u00edm, co m\u016f\u017ee b\u00fdt d\u016fvodem. Uvid\u00edme,\u201c<\/strong> odpov\u011bd\u011bl, pol\u00edbil svou man\u017eelku na tv\u00e1\u0159 a zam\u00ed\u0159il ke sv\u00e9mu autu. Cestou m\u00edjel p\u0159ij\u00ed\u017ed\u011bj\u00edc\u00edho Eliu.<br \/>\n<strong>\u201eKam jede\u0161?\u201c<\/strong> st\u00e1hl si ok\u00e9nko a stejn\u011b jako matka ho podrobil v\u00fdslechu.<br \/>\n<strong>\u201eZa Chiarou, poprosila m\u011b o setk\u00e1n\u00ed v\u00a0kav\u00e1rn\u011b,\u201c<\/strong> odpov\u011bd\u011bl.<br \/>\nTahle odpov\u011b\u010f Eliu pom\u011brn\u011b zneklid\u0148ovala.<br \/>\n<strong>\u201eJe n\u011bjak\u00e1 divn\u00e1,\u201c<\/strong> zamra\u010dil se.<br \/>\n<strong>\u201ePro\u010d?\u201c<\/strong><br \/>\n<strong>\u201eChov\u00e1 se zvl\u00e1\u0161tn\u011b. Nem\u00e1m z\u00a0n\u00ed dobr\u00fd pocit,\u201c<\/strong> za\u010dal pl\u00e1cat obecn\u00e9 \u0159e\u010di.<br \/>\nAntonio se lehce zamra\u010dil. Nakonec se rozhodl v\u011bci nepitvat, vzhledem k\u00a0tomu, \u017ee na to u\u017e ani nem\u011bl \u010das.<br \/>\n<strong>\u201ePromluv\u00edme si pozd\u011bji,\u201c<\/strong> uzav\u0159el nakonec a zam\u00ed\u0159il do sv\u00e9ho vozu.<br \/>\nElia mezit\u00edm za\u010dal trochu panika\u0159it. Zaparkoval a s\u00e1hl po telefonu, kter\u00fd p\u0159edt\u00edm odhodil na sedadlo spolujezdce. Za\u010d\u00ednal m\u00edt dojem, \u017ee se mu hra za\u010d\u00edn\u00e1 vymykat z rukou. Odpov\u011b\u010f od Frederica dote\u010f nedostal, a\u010dkoliv p\u0159edpokl\u00e1dal, \u017ee mu kopie slo\u017eky musela d\u00e1vno dorazit. A pak urputn\u00e1 Chiara, kter\u00e1 si te\u010f d\u00e1vala sraz s otcem. V kav\u00e1rn\u011b. Kdy\u017e bydl\u00ed v dom\u011b, kter\u00fd m\u00e1 tucet m\u00edstnost\u00ed, kde by na jakoukoliv debatu bylo absolutn\u00ed soukrom\u00ed. Vyto\u010dil \u010d\u00edslo sv\u00e9 sestry, ale zjistil, \u017ee m\u00e1 vypnut\u00fd mobil, co\u017e se mu ani trochu nezd\u00e1lo. Z\u00e1hy se proto rozhodl zavolat Fredericovi.<br \/>\n<strong>\u201e<em>Pronto<\/em>,\u201c<\/strong> zareagoval na rozd\u00edl od Chiary velmi rychle.<br \/>\n<strong>\u201eTob\u011b nechod\u00ed po\u0161ta?\u201c<\/strong> za\u010dal rovnou, ani\u017e by aspo\u0148 prok\u00e1zal snahu se p\u0159edstavit.<br \/>\nKdyby Frederico nem\u011bl strach o to, \u017ee cel\u00e1 v\u011bc po\u0161kod\u00ed jeho otce, mo\u017en\u00e1 by se neudr\u017eel a za\u010dal by se sm\u00e1t nad zoufalosti, kterou Elia prom\u00edtl hned do prvn\u00ed v\u011bty. Navzdory v\u0161emu se neubr\u00e1nil alespo\u0148 jemn\u00e9mu \u00fasm\u011bvu.<br \/>\n<strong>\u201eM\u011blo mi p\u0159ij\u00edt n\u011bco speci\u00e1ln\u00edho?\u201c<\/strong> \u0159ekl nakonec.<br \/>\n<strong>\u201eV\u00ed\u0161 moc dob\u0159e, co ti m\u011blo p\u0159ij\u00edt,\u201c<\/strong> rozezlil se.<br \/>\n<strong>\u201eNem\u00e1m nejmen\u0161\u00ed tu\u0161en\u00ed, o \u010dem je \u0159e\u010d. A stejn\u011b tak netu\u0161\u00edm, s\u00a0k\u00fdm se moment\u00e1ln\u011b vlastn\u011b bav\u00edm,\u201c<\/strong> hr\u00e1l Ital hloup\u00e9ho, a\u010dkoliv dob\u0159e v\u011bd\u011bl, kdo mu vol\u00e1.<br \/>\n<strong>\u201eA tohle v\u00ed\u0161 taky moc dob\u0159e! Kde je Chiara?\u201c<\/strong><br \/>\nFrederico zrovna sed\u011bl v\u00a0zaparkovan\u00e9m aut\u011b p\u0159ed kav\u00e1rnou, kde se m\u011bl s\u00a0Antoniem setkat. Bylo n\u011bkolik minut po domluven\u00e9m \u010dase, ale De Ricciho nikde nevid\u011bl.<br \/>\n<strong>\u201eTo mluv\u00ed\u0161 o t\u00e9 Chia\u0159e, kterou jsi za mnou poslal bez obav, jestli se j\u00ed n\u011bco nestane?\u201c<\/strong><br \/>\n<strong>\u201eMluv\u00edm o sv\u00e9 sest\u0159e. Tak\u017ee te\u010f chci p\u0159esn\u011b sly\u0161et, kde je. Jinak se v\u0161echny v\u011bci dostanou mrknut\u00edm oka do novin,\u201c<\/strong> \u00a0sklouzl Elia k\u00a0v\u00fdhru\u017ek\u00e1m.<br \/>\nItal si povzdychl.<br \/>\n<strong>\u201eU\u017e toho vyhro\u017eov\u00e1n\u00ed za\u010d\u00edn\u00e1m m\u00edt opravdu dost. A taky za\u010d\u00edn\u00e1m m\u00edt dost lid\u00ed, kte\u0159\u00ed se sna\u017e\u00ed hr\u00e1t vysokou hru, ale nemaj\u00ed na ni karty. Tak\u017ee abys byl v obraze&#8230; Jestli te\u010f ud\u011bl\u00e1\u0161 n\u011bjakou hloupost, bude ti to l\u00edto. Chiara je v po\u0159\u00e1dku. A stejn\u011b tak bude v\u0161echno dal\u0161\u00ed, pokud si to nepod\u011bl\u00e1\u0161. M\u011bj se,\u201c<\/strong> zav\u011bsil nakonec.<br \/>\nEliovi se nel\u00edbilo, s jak\u00fdm klidem Frederico promluvil. \u010cekal, \u017ee ho dostane pod tlak. Zoufale zkusil je\u0161t\u011b jednou vyto\u010dit \u010d\u00edslo sv\u00e9 sestry, ale i tentokr\u00e1t ne\u00fasp\u011b\u0161n\u011b.<\/p>\n<p style=\"text-align: center;\">* * * *<\/p>\n<p>Antonio se usadil ke stolu a objednal si espresso. Trochu ho p\u0159ekvapilo, \u017ee jeho dcera v\u00a0podniku je\u0161t\u011b nen\u00ed. M\u011bla ve zvyku chodit pozd\u011b, ale tohle u\u017e bylo dost i na jeho pom\u011bry.<br \/>\n<strong>\u201e<em>Buonasera<\/em>,\u201c<\/strong> ozval se mu\u017esk\u00fd hlas vysok\u00e9ho Itala, kter\u00fd se p\u0159ed n\u00edm objevil.<br \/>\nDe Riccimu trochu zatrnulo. U\u017e jenom fakt, \u017ee m\u00edsto jeho dcery p\u0159i\u0161el n\u011bjak\u00fd mu\u017e a po Chia\u0159e nebylo ani stopy, ho docela dost vyd\u011bsily. Uklidnilo ho alespo\u0148 to, \u017ee s n\u00ed je\u0161t\u011b p\u0159ed hodinou mluvil po telefonu a zn\u011bla klidn\u011b a naprosto v po\u0159\u00e1dku. Antonio sjel mlad\u0161\u00edho Itala od hlavy a\u017e k pat\u011b. Frederico byl oble\u010den\u00fd do tmav\u00fdch d\u017e\u00edn\u016f, b\u00edl\u00e9 ko\u0161ile a \u010dern\u00e9ho saka, kter\u00e9 si p\u0159ed usazen\u00edm ke stolu sundal. Na st\u016fl si polo\u017eil ko\u017eenou slo\u017eku, narovnal se a up\u0159en\u011b se na De Ricciho pod\u00edval. Ten si mezit\u00edm stihl uv\u011bdomit, komu te\u010f kouk\u00e1 do tv\u00e1\u0159e.<br \/>\n<em><strong>\u201eBuonasera.\u201c<\/strong><\/em><\/p>\n","protected":false},"excerpt":{"rendered":"<p>Frederico si povzdychl a sv\u016fj pohled p\u0159esunul z\u00a0bl\u00ed\u017e\u00edc\u00ed se Luny na Chiaru. \u201eP\u0159ijet tady byl \u0161patn\u00fd n\u00e1pad,\u201c \u0159ekl odm\u011b\u0159en\u011b, ale p\u0159esto se p\u0159ed n\u00ed ochran\u00e1\u0159sky postavil. Dok\u00e1zal si p\u0159edstavit, \u010deho je Luna schopn\u00e1. \u201eTu\u0161ila jsem, \u017ee moje m\u00edsto po tv\u00e9m boku moc dlouho voln\u00e9 nez\u016fstalo,\u201c u\u0161kl\u00edbla se Luna, kdy\u017e pomal\u00fdm krokem dokr\u00e1\u010dela od auta k\u00a0Fredericovi. &hellip; <a href=\"http:\/\/www.ironicka-blondyna.cz\/index.php\/2024\/10\/27\/catanzaro-ix-kapitola-celestino\/\" class=\"more-link\">Continue reading <span class=\"screen-reader-text\">CATANZARO \u2013 IX. kapitola \u2013 Celestino<\/span><\/a><\/p>\n","protected":false},"author":1,"featured_media":1498,"comment_status":"open","ping_status":"open","sticky":false,"template":"","format":"standard","meta":{"jetpack_post_was_ever_published":false,"_jetpack_newsletter_access":"","_jetpack_dont_email_post_to_subs":false,"_jetpack_newsletter_tier_id":0,"_jetpack_memberships_contains_paywalled_content":false,"_jetpack_memberships_contains_paid_content":false,"footnotes":"","jetpack_publicize_message":"","jetpack_publicize_feature_enabled":true,"jetpack_social_post_already_shared":true,"jetpack_social_options":{"image_generator_settings":{"template":"highway","default_image_id":0,"font":"","enabled":false},"version":2}},"categories":[1],"tags":[],"class_list":["post-1531","post","type-post","status-publish","format-standard","has-post-thumbnail","hentry","category-uncategorized"],"jetpack_publicize_connections":[],"jetpack_featured_media_url":"https:\/\/i0.wp.com\/www.ironicka-blondyna.cz\/wp-content\/uploads\/2024\/07\/catanzaro.jpg?fit=656%2C300","jetpack_sharing_enabled":true,"jetpack_shortlink":"https:\/\/wp.me\/pa81Mi-oH","jetpack-related-posts":[],"_links":{"self":[{"href":"http:\/\/www.ironicka-blondyna.cz\/index.php\/wp-json\/wp\/v2\/posts\/1531","targetHints":{"allow":["GET"]}}],"collection":[{"href":"http:\/\/www.ironicka-blondyna.cz\/index.php\/wp-json\/wp\/v2\/posts"}],"about":[{"href":"http:\/\/www.ironicka-blondyna.cz\/index.php\/wp-json\/wp\/v2\/types\/post"}],"author":[{"embeddable":true,"href":"http:\/\/www.ironicka-blondyna.cz\/index.php\/wp-json\/wp\/v2\/users\/1"}],"replies":[{"embeddable":true,"href":"http:\/\/www.ironicka-blondyna.cz\/index.php\/wp-json\/wp\/v2\/comments?post=1531"}],"version-history":[{"count":2,"href":"http:\/\/www.ironicka-blondyna.cz\/index.php\/wp-json\/wp\/v2\/posts\/1531\/revisions"}],"predecessor-version":[{"id":1533,"href":"http:\/\/www.ironicka-blondyna.cz\/index.php\/wp-json\/wp\/v2\/posts\/1531\/revisions\/1533"}],"wp:featuredmedia":[{"embeddable":true,"href":"http:\/\/www.ironicka-blondyna.cz\/index.php\/wp-json\/wp\/v2\/media\/1498"}],"wp:attachment":[{"href":"http:\/\/www.ironicka-blondyna.cz\/index.php\/wp-json\/wp\/v2\/media?parent=1531"}],"wp:term":[{"taxonomy":"category","embeddable":true,"href":"http:\/\/www.ironicka-blondyna.cz\/index.php\/wp-json\/wp\/v2\/categories?post=1531"},{"taxonomy":"post_tag","embeddable":true,"href":"http:\/\/www.ironicka-blondyna.cz\/index.php\/wp-json\/wp\/v2\/tags?post=1531"}],"curies":[{"name":"wp","href":"https:\/\/api.w.org\/{rel}","templated":true}]}}