{"id":1524,"date":"2024-10-12T09:04:02","date_gmt":"2024-10-12T09:04:02","guid":{"rendered":"https:\/\/www.ironicka-blondyna.cz\/?p=1524"},"modified":"2024-10-12T09:28:58","modified_gmt":"2024-10-12T09:28:58","slug":"catanzaro-viii-kapitola-zasilka","status":"publish","type":"post","link":"http:\/\/www.ironicka-blondyna.cz\/index.php\/2024\/10\/12\/catanzaro-viii-kapitola-zasilka\/","title":{"rendered":"CATANZARO \u2013 VIII. kapitola \u2013 Z\u00e1silka"},"content":{"rendered":"<p>Chiara st\u00e1la natla\u010den\u00e1 na ze\u010f a pod t\u00edhou vyd\u011b\u0161en\u00ed ji srdce tlouklo tak rychle, jako kdyby m\u011blo ka\u017edou chv\u00edli puknout. Nejv\u00edce ji na tom v\u0161em vadilo, \u017ee Frederico nic ne\u0159\u00edkal. \u00a0Ml\u010del. Ten t\u011bsn\u00fd prostor mezi n\u00ed a jeho obli\u010dejem, te\u010f u\u017e bez jak\u00e9koliv emoce, vypl\u0148ovalo ticho. A tradi\u010dn\u011b taky jeho siln\u00fd parf\u00e9m, kter\u00fd te\u010f Ameri\u010danku dusil v\u00edc ne\u017e kdykoliv p\u0159edt\u00edm. V\u00a0u\u0161\u00edch poci\u0165ovala, jak zb\u011bsile j\u00ed tlu\u010de srdce.<br \/>\n<strong>\u201eM\u00e1\u0161 dv\u011b mo\u017enosti,\u201c<\/strong> \u0159ekl nakonec Ital.<br \/>\n<strong>\u201e\u0158eknu ti v\u0161echno,\u201c<\/strong> reagovala rovnou, ani\u017e by musel vysv\u011btlovat, z\u00a0\u010deho si m\u016f\u017ee volit.<br \/>\n<strong>\u201ePoslouch\u00e1m,\u201c<\/strong> ujistil ji.<br \/>\nChiara nasucho polkla.<br \/>\n<strong>\u201eM\u011bla jsem za \u00fakol naj\u00edt n\u011bco, \u010d\u00edm t\u011b budu moct vyd\u00edrat. A z\u00a0pen\u011bz, kter\u00e9 potom zaplat\u00ed\u0161, se m\u011bly zalepit dluhy m\u00e9 rodiny. Pamatuje\u0161, jak jsem byla u tebe v\u00a0pracovn\u011b a fabulovala o bolesti hlavy?\u201c<\/strong><br \/>\nFrederico k\u00fdvl.<!--more--><br \/>\n<strong>\u201eNa\u0161la jsem slo\u017eky o t\u011bch lidech, kte\u0159\u00ed t\u011b unesli. Uk\u00e1zala jsem to bratrovi, ale kdy\u017e jsem zjistila, o co \u0161lo\u2026\u201c<\/strong><br \/>\nItal nech\u00e1pav\u011b zavrt\u011bl hlavou.<br \/>\n<strong>\u201eV\u011b\u0159il jsem ti, Chiaro,\u201c<\/strong> pod\u00edval se j\u00ed zklaman\u011b do o\u010d\u00ed.<br \/>\nP\u0159em\u00fd\u0161lela nad t\u00edm, jestli ji kdy oslovil jm\u00e9nem. Fakt, \u017ee si na \u017e\u00e1dn\u00fd takov\u00fd moment nemohla vzpomenout v\u00a0n\u00ed jenom podtrhoval v\u011bdom\u00ed, v\u00a0jak \u0161patn\u00e9 situaci te\u010f je. A jak daleko za hranu v\u0161eho snesiteln\u00e9ho za\u0161la. Jedn\u00edm jedin\u00fdm krokem.<br \/>\n<strong>\u201eJ\u00e1 v\u00edm. P\u0159eju si, aby se nestalo nic z\u00a0toho, co jsem ud\u011blala,\u201c<\/strong> \u0159ekla zoufale.<br \/>\nFrederico od n\u00ed ud\u011blal krok zp\u00e1tky a chv\u00edli se na ni s vy\u010d\u00edtav\u00fdm v\u00fdrazem d\u00edval.<br \/>\n<strong>\u201eTohle nem\u00e1 dopad jenom na m\u011b. Uv\u011bdomuje\u0161 si, co to cel\u00e9 m\u016f\u017ee znamenat pro m\u00e9ho otce, pokud se ty v\u011bci k\u00a0n\u011bkomu dostanou? A krom\u011b toho, uv\u011bdomuje\u0161 si, do jak\u00e9 situace jsi te\u010f dostala m\u011b? Poru\u0161il jsem kv\u016fli tob\u011b v\u0161echna pravidla,\u201c<\/strong> \u0159ekl chladn\u011b.<br \/>\nChiara nev\u011bd\u011bla, co \u0159\u00edct. St\u00e1la nalepen\u00e1 na zdi a ka\u017ed\u00e1 sekunda se j\u00ed zd\u00e1la stejn\u011b dlouh\u00e1, jako kdy\u017e ji kdysi tr\u00e1pili u zkou\u0161ek ve \u0161kole.<br \/>\n<strong>\u201eCo s\u00a0tebou te\u010f m\u00e1m d\u011blat?\u201c<\/strong> zeptal se vy\u010d\u00edtav\u011b.<br \/>\n<strong>\u201eZab\u00edt m\u011b nedok\u00e1\u017ee\u0161,\u201c<\/strong> odhodlala se nakonec k\u00a0sebev\u011bdom\u00ed odpov\u011bdi, a\u010dkoliv z\u00a0t\u00f3nu jej\u00edho hlasu byla \u010d\u00e1ste\u010dn\u011b z\u0159ejm\u00e9, \u017ee \u00fapln\u011b jist\u00e1 si t\u00edm nen\u00ed. Po\u0159\u00e1d v\u011b\u0159ila, \u017ee se j\u00ed povedlo omotat si ho kolem prstu dost na to, aby ji te\u010f u\u0161et\u0159il n\u011bjak\u00e9mu n\u00e1sil\u00ed.<br \/>\nFrederico si zachoval kamenn\u00fd v\u00fdraz, ale musel si vnit\u0159n\u011b p\u0159iznat, \u017ee na to, aby ji ubl\u00ed\u017eil byl te\u010f navzdory zlosti a\u017e moc slab\u00fd. Na druhou stranu, v\u0161echny iluze pota\u017een\u00e9 fyzickou p\u0159ita\u017elivost\u00ed byly pry\u010d. Fakt, \u017ee ji nem\u016f\u017ee v\u011b\u0159it, ho postavil nohama zp\u00e1tky na zem.<br \/>\n<strong>\u201eJ\u00e1 mo\u017en\u00e1 ne, ale to neznamen\u00e1, \u017ee to neud\u011bl\u00e1 ani nikdo jin\u00fd,\u201c<\/strong> \u0159ekl nakonec.<br \/>\n<strong>\u201eFrederico\u2026 promi\u0148. Ale v\u011b\u0159 mi pros\u00edm, \u017ee mi na tob\u011b z\u00e1le\u017e\u00ed. Ud\u011bl\u00e1m v\u0161echno pro to, abych Eliovi ty v\u011bci zabavila. Nechci, aby ti n\u011bkdo ubl\u00ed\u017eil, a vy\u010d\u00edtala bych si, kdybych na tom nav\u00edc m\u011bla takhle obrovsk\u00fd pod\u00edl. Ale i ty p\u0159ece mus\u00ed\u0161 ch\u00e1pat, \u017ee od t\u00e9 doby, co jsem se k\u00a0dokument\u016fm dostala, u\u017e jsem t\u011b ani nepot\u0159ebovala vid\u011bt. Ale cht\u011bla jsem,\u201c<\/strong> nat\u00e1hla ruku, aby ho mohla pohladit po rameni.<br \/>\nItal ustoupil. Necht\u011bl, aby na n\u011bj sahala.<br \/>\n<strong>\u201eTak mi \u0159ekni, co p\u0159esn\u011b se u tebe skr\u00fdv\u00e1 pod pojmem v\u0161echno.\u201c<\/strong><br \/>\n<strong>\u201eDej mi n\u00e1pad, jak to vy\u0159e\u0161it. A p\u0159\u00edsah\u00e1m, \u017ee a\u0165 to bude cokoliv, ud\u011bl\u00e1m to,\u201c<\/strong> d\u00edvala se na n\u011bj zoufale.<br \/>\nVe chv\u00edli, kdy tuhle v\u011btu vyslovila se j\u00ed v\u00a0hlav\u011b za\u010daly hromadit my\u0161lenky na to, \u017ee \u00fapln\u011b v\u0161eho by vlastn\u011b schopn\u00e1 nebyla. Co kdyby cht\u011bl, aby to cel\u00e9 za\u017eehnala vra\u017edou vlastn\u00edho bratra? P\u0159itom zrovna tohle by byl nejsp\u00ed\u0161 bohu\u017eel ten nejbezpe\u010dn\u011bj\u0161\u00ed zp\u016fsob, jak se ujistit, \u017ee s\u00a0t\u011bmi materi\u00e1ly nebude nikomu \u0161kodit.<br \/>\n<strong>\u201eJeden n\u00e1pad bych m\u011bl,\u201c<\/strong> p\u0159iznal.<br \/>\nChiara v\u00a0duchu zaj\u00e1sala nad nad\u011bj\u00ed, kterou v\u00a0n\u00ed jeho slova vzbudila. Jen\u017ee jak rychle ji z\u00edskala, tak rychle ji ztratila.<br \/>\n<strong>\u201eU\u017e mi pros\u00edm nikdy, ale opravdu nikdy\u2026 necho\u010f na o\u010di,\u201c<\/strong> \u0159ekl a otev\u0159el dve\u0159e na chodbu.<br \/>\nHlavou sm\u011brem k\u00a0nim k\u00fdvl, aby ji dal jasn\u011b najevo, \u017ee m\u00e1 odej\u00edt. Blond\u00fdna zav\u0159ela o\u010di, zhluboka se nadechla a zase je otev\u0159ela. Zadr\u017eovala pl\u00e1\u010d.<br \/>\n<strong>\u201eTe\u010f m\u011b p\u0159ece nem\u016f\u017ee\u0161 nechat odej\u00edt. Je mi jasn\u00e9, \u017ee mezi n\u00e1mi je konec, ale tu situaci se slo\u017ekou chci pomoct vy\u0159e\u0161it. Navezla jsem t\u011b do probl\u00e9mu a chci ti z\u00a0n\u011bj pomoct.\u201c<\/strong><br \/>\nFrederico zavrt\u011bl hlavou.<br \/>\n<strong>\u201ePomoct?\u201c<\/strong> pousm\u00e1l se trpce a zad\u00edval se j\u00ed hluboko do o\u010d\u00ed.<br \/>\n<strong>\u201eZradila jsi m\u011b. Za takov\u00fdmi lidmi si nechod\u00edm pro pomoc. Prost\u011b\u2026 prost\u011b jdi,\u201c<\/strong> pokynul znova ke dve\u0159\u00edm.<br \/>\nChiara se znova zhluboka nadechla, chv\u00edli na Itala je\u0161t\u011b koukala s\u00a0v\u00edrou, \u017ee ji napadne n\u011bco, co m\u016f\u017ee celou situaci zvr\u00e1tit, ale pak rad\u011bji beze slov ode\u0161la. Do p\u0159\u00edzem\u00ed sch\u00e1zela po schodech a tak m\u011bla docela dlouho na to, aby pop\u0159em\u00fd\u0161lela nad d\u016fsledky, kter\u00e9 cel\u00e1 situace p\u0159inese. Nev\u011bd\u011bla, jestli od Frederica m\u016f\u017ee ona sama o\u010dek\u00e1vat n\u011bjakou odplatu, ale po\u0159\u00e1d p\u0159edpokl\u00e1dala, \u017ee takhle krut\u00fd by k\u00a0n\u00ed nebyl. V\u00a0p\u0159\u00edpad\u011b sv\u00e9ho bratra u\u017e ale vcelku nepochybovala, \u017ee na n\u011bj by ruku vzt\u00e1hnout dok\u00e1zal.<\/p>\n<p style=\"text-align: center;\">* * * *<\/p>\n<p>Marco sed\u011bl jako p\u0159ikovan\u00fd na \u017eidli v\u00a0kav\u00e1rn\u011b a pozorn\u011b poslouchal ka\u017ed\u00e9 slovo, kter\u00e9 Fredericovi proplouvalo mezi rty. Celou dobu m\u011bl dojem, \u017ee se od Chiary nedr\u017e\u00ed tak daleko, jak \u0159\u00edk\u00e1, ale i tak ho to u jindy tolik obez\u0159etn\u00e9ho kamar\u00e1da p\u0159ekvapovalo. Nejv\u00edc ho ale zaj\u00edmala v\u011bc, o kter\u00e9 nepadlo ani p\u00edsmenko.<br \/>\n<strong>\u201eSpali jste spolu?\u201c<\/strong> zeptal se nakonec, kdy\u017e Fredo kompletn\u011b popsal situaci z\u00a0dne\u0161n\u00edho r\u00e1na.<br \/>\nMafi\u00e1nsk\u00fd synek mu v\u011bnoval rozpa\u010dit\u00fd pohled.<br \/>\n<strong>\u201eJak to celou z\u00e1le\u017eitost m\u011bn\u00ed?\u201c<\/strong> nech\u00e1pal.<br \/>\nMarco pokr\u010dil rameny a napil se vody, kterou dostal k\u00a0objednan\u00e9mu espressu.<br \/>\n<strong>\u201eTo asi nijak, jenom m\u011b zaj\u00edmalo, jak\u00e1 je v\u00a0posteli,\u201c<\/strong> \u0159ekl pak up\u0159\u00edmn\u011b.<br \/>\n\u201eNev\u00edm, jestli ti doch\u00e1z\u00ed, kde p\u0159esn\u011b v\u00a0tomhle p\u0159\u00edb\u011bhu nastal probl\u00e9m, ale podle m\u011b trochu sch\u00e1z\u00ed\u0161 z\u00a0cesty,\u201c utrousil sarkasticky Frederico sm\u011brem ke kamar\u00e1dovi, u kter\u00e9ho m\u011bl dojem, \u017ee celou situaci vyhodnocuje p\u0159edn\u011b rozkrokem. Na druhou stranu ale nemohl \u0159\u00edct, \u017ee by ho to tak \u00fapln\u011b p\u0159ekvapovalo.<br \/>\n<strong>\u201eNo dob\u0159e,\u201c<\/strong> pod\u00edval se na n\u011bj jako na fajnovku.<br \/>\nOn osobn\u011b nem\u011bl probl\u00e9m o sv\u00e9m intimn\u00edm \u017eivot\u011b mluvit naprosto do posledn\u00edch detail\u016f, co\u017e bylo n\u011bkdy jen pro ty nejotrlej\u0161\u00ed poslucha\u010de. Frederico se mezi n\u011b po letech p\u0159\u00e1telstv\u00ed dal za\u0159adit, ale p\u0159esto i na n\u011bj byly n\u011bkter\u00e9 v\u011bci trochu moc.<br \/>\n<strong>\u201eFajn, tak\u017ee ti te\u010f \u0159eknu suchou realitu. Je to v\u00a0hajzlu a ty m\u00e1\u0161 dv\u011b mo\u017enosti,\u201c<\/strong> na\u010dal Marco.<br \/>\nRivera si povzdechl a pod\u00edval se jinam.<br \/>\n<strong>\u201ePrvn\u00ed je radik\u00e1ln\u00ed. Nezbudou po n\u00ed dluhy, ale ani rodina. Druh\u00e1 je\u2026 \u017ee se prost\u011b s\u00a0De Riccim sejde\u0161. A uvid\u00ed\u0161.\u201c<\/strong><br \/>\nFrederico si znova povzdychl a sv\u016fj pohled sm\u011b\u0159oval zp\u00e1tky na Marca: \u201e<strong>Pak je tady dal\u0161\u00ed v\u011bc. B\u011bhem dopoledne jsem zji\u0161\u0165oval, pro\u010d p\u0159esn\u011b se na\u0161i rozkmot\u0159ili. Ten, kdo p\u0159ed m\u00fdm \u00fanosem vyn\u00e1\u0161el informace policii byl Chia\u0159in otec. A t\u00e1ta v\u00a0prvotn\u00ed zoufal\u00e9 f\u00e1zi zkou\u0161el ostatn\u00edm dok\u00e1zat, \u017ee k\u00a0sob\u011b nemaj\u00ed tak bl\u00edzko, jak se zd\u00e1. Potopil ho n\u011bjak\u00fdm obchodem, kv\u016fli kter\u00e9mu m\u00e1lem Chia\u0159in otec skon\u010dil v\u00a0base.\u201c<\/strong><br \/>\nMarco pozvedl obo\u010d\u00ed.<br \/>\n<strong>\u201eTak tohle u\u017e je slu\u0161n\u00e1 telenovela,\u201c<\/strong> utrousil a na chv\u00edli zmlkl.<br \/>\n<strong>\u201eSpali jste spolu?\u201c<\/strong> vr\u00e1til se ke sv\u00e9 p\u016fvodn\u00ed ot\u00e1zce.<br \/>\nFrederico proto\u010dil o\u010dim: <strong>\u201eSpali,\u201c<\/strong> p\u0159iznal nakonec.<br \/>\n<strong>\u201eMyslel jsem si to,\u201c<\/strong> usm\u00e1l se r\u00fdpav\u011b jeho kamar\u00e1d.<br \/>\n<strong>\u201eTaky bych neodolal,\u201c<\/strong> dodal je\u0161t\u011b.<\/p>\n<p style=\"text-align: center;\">* * * *<\/p>\n<p><strong>\u201eProst\u011b to neud\u011bl\u00e1\u0161!\u201c<\/strong> je\u010dela Chiara po sv\u00e9m bratrovi, kter\u00fd s\u00a0ledov\u00fdm klidem srkal pomeran\u010dov\u00fd d\u017eus na terase.<br \/>\nEliovi p\u0159i\u0161la zbyte\u010dn\u011b dramatick\u00e1. Nech\u00e1pal, pro\u010d ji najednou tak moc jde o blaho mu\u017ee, kter\u00e9ho od prvn\u00ed chv\u00edle stejn\u011b m\u011bla jenom oblafnout.<br \/>\n<strong>\u201eJe stejn\u011b pozd\u011b, Chiaro. Ob\u00e1lku u\u017e by m\u011bl m\u00edt touhle dobou ve schr\u00e1nce. Ostatn\u011b, nech\u00e1pu, o co p\u0159esn\u011b ti te\u010f jde. Jsi tady, \u017eiv\u00e1 a zdrav\u00e1. Kompro m\u00e1m k\u00a0dispozici. V\u0161echno b\u011b\u017e\u00ed podle pl\u00e1nu,\u201c<\/strong> popisoval.<br \/>\nBlond\u00fdna si upravila za ucho pramen vlas\u016f, kter\u00fd ji padal do obli\u010deje a zlostn\u011b se pod\u00edvala na sv\u00e9ho sourozence: <strong>\u201eNedoch\u00e1z\u00ed ti, jak\u00e1 v\u00e1lka z\u00a0toho m\u016f\u017ee b\u00fdt? Pokud nem\u00e1\u0161 pochopen\u00ed aspo\u0148 pro ty souvislosti, tak to zastav u\u017e kv\u016fli odplat\u011b. V\u00ed\u0161 je\u0161t\u011b l\u00e9pe ne\u017e j\u00e1, \u010deho m\u016f\u017ee b\u00fdt Fredericova rodina schopna.\u201c<\/strong><br \/>\nAmeri\u010dan si povzdychl.<br \/>\n<strong>\u201eAha. Tak\u017ee moje sestra, kterou nikdy nic nezaj\u00edmalo, chce ukon\u010dit hladomor a sv\u011btov\u00fd m\u00edr. Te\u010f bude\u0161 ospravedl\u0148ovat zab\u00edjen\u00ed? Jednou n\u011bkoho nechal odpr\u00e1sknout, tak ho nechal odpr\u00e1sknout. Hotovo. Uklidni se,\u201c<\/strong> pod\u00edval se na ni autoritativn\u011b s\u00a0v\u00fdrazem, \u017ee ji za\u010d\u00edn\u00e1 m\u00edt dost.<br \/>\n<strong>\u201eDob\u0159e. Kdy\u017e to \u00a0nejde po dobr\u00e9m, p\u016fjde to po zl\u00e9m,\u201c<\/strong> \u0159ekla nakonec o pozn\u00e1n\u00ed klidn\u011bji a bez dal\u0161\u00edch slov ode\u0161la pry\u010d.<br \/>\nElia se za n\u00ed pod\u00edval. Ch\u00e1pal, o co jeho sest\u0159e \u0161lo. Ale musel si p\u0159iznat, \u017ee ho to vlastn\u011b nezaj\u00edm\u00e1. Podstatn\u00e9 pro n\u011bj bylo, \u017ee cel\u00e1 v\u011bc byla prakticky vy\u0159e\u0161en\u00e1, bez ohledy na vedlej\u0161\u00ed \u00fa\u010dinky.<\/p>\n<p>Chiara mezit\u00edm zam\u00ed\u0159ila k\u00a0autu, do kter\u00e9ho nasedla a vydala se sm\u011brem k\u00a0z\u00e1me\u010dku, kde Riverovi bydleli. Diskuze s\u00a0jej\u00edm tvrdohlav\u00fdm bratrem ji p\u0159im\u011bla k\u00a0n\u00e1padu, kter\u00fd mohl probl\u00e9m \u010d\u00e1ste\u010dn\u011b vy\u0159e\u0161it. Tedy minim\u00e1ln\u011b tu \u010d\u00e1st, kter\u00e1 byla nep\u0159\u00edjemn\u00e1 pro Frederica. Maserati nechala zaparkovan\u00e9 na p\u0159\u00edjezdov\u00e9 cest\u011b a vydala se sebev\u011bdom\u011b ke dve\u0159\u00edm. T\u011b\u017ek\u00fdm kolem zav\u011b\u0161en\u00fdm uprost\u0159ed n\u011bkolikr\u00e1t zabouchala, co\u017e neuniklo pomocnici, kter\u00e1 ji dve\u0159e otev\u0159ela.<br \/>\n<em><strong>\u201eBuongiorno,\u201c<\/strong> <\/em>pod\u00edvala se na ni Chiara a chv\u00edli p\u0159em\u00fd\u0161lela, jak za\u010d\u00edt.<br \/>\n<strong>\u201eBuongiorno,\u201c<\/strong> k\u00fdvla k\u00a0n\u00ed slu\u017eebn\u00e1.<br \/>\n<strong>\u201eJe Frederico doma? Pot\u0159ebovala bych s\u00a0n\u00edm mluvit,\u201c<\/strong> zkusila.<br \/>\nNe\u017e stihla Italka zareagovat, za z\u00e1dy Chiary se ozval Fred\u016fv hlas.<br \/>\n<strong>\u201e\u0158ekl jsem, \u017ee nechci, abys mi chodila na o\u010di,\u201c<\/strong> \u0159ekl d\u016frazn\u011b a pod\u00edval se na pomocnici, kterou si jeho rodi\u010de naj\u00edmali.<br \/>\n<strong>\u201eTo je v\u00a0po\u0159\u00e1dku, vy\u0159\u00edd\u00edm to. <em>Grazie<\/em>,\u201c<\/strong> k\u00fdvl k\u00a0n\u00ed.<br \/>\nNecht\u011bl j\u00ed k\u00a0slu\u0161n\u00e9 v\u00fdplat\u011b p\u0159idat je\u0161t\u011b dramatickou pod\u00edvanou zdarma. A\u010d nerada, Frederica poslechla a zmizela pry\u010d. Dost ji ale zaj\u00edmalo, co se bude d\u00edt.<br \/>\n<strong>\u201eMluvil s\u00a0tebou Elia?\u201c<\/strong> oto\u010dila se na n\u011bj blond\u00fdna.<br \/>\n<strong>\u201eNe. Mluvil se mnou kur\u00fdr, kter\u00fd mi p\u0159inesl tohle,\u201c<\/strong> m\u00e1vl na ni b\u00e9\u017eovou ob\u00e1lkou, ve kter\u00e9 byly kopie v\u0161eho, co Chiara v\u00a0jeho kancel\u00e1\u0159i d\u0159\u00edve na\u0161la. Takhle do detail\u016f ale ani zach\u00e1zet nemusel, proto\u017ee Ameri\u010danka dost dob\u0159e v\u011bd\u011bla, co tvo\u0159\u00ed obsah z\u00e1silky.<br \/>\n<strong>\u201eS bratrem nehnu, ale v\u011bd\u011bla bych o zp\u016fsobu jak to vy\u0159e\u0161it. A pak u\u017e se ti nikdy neozvu, p\u0159\u00edsah\u00e1m,\u201c<\/strong> pod\u00edvala se na n\u011bj prosebn\u011b.<br \/>\n\u201eJak ti m\u016f\u017eu v\u011b\u0159it, \u017ee na m\u011b nezkou\u0161\u00ed\u0161 u\u0161\u00edt dal\u0161\u00ed boudu?\u201c<br \/>\n<strong>\u201eNem\u016f\u017ee\u0161, ale kdy\u017e to ud\u011bl\u00e1\u0161, p\u0159\u00edsah\u00e1m, \u017ee toho nebude\u0161 litovat,\u201c<\/strong> \u0159ekla.<br \/>\nDebatu p\u0159eru\u0161ilo k\u0159up\u00e1n\u00ed p\u00edsku pod koly auta, kter\u00e9 se k\u00a0dvojici bl\u00ed\u017eilo. Frederico na prvn\u00ed dobrou poznal, \u017ee za volantem sed\u00ed Luna a tu\u0161il, \u017ee pokud situace dote\u010f nebyla dobr\u00e1, to nejhor\u0161\u00ed je teprve tady.<\/p>\n","protected":false},"excerpt":{"rendered":"<p>Chiara st\u00e1la natla\u010den\u00e1 na ze\u010f a pod t\u00edhou vyd\u011b\u0161en\u00ed ji srdce tlouklo tak rychle, jako kdyby m\u011blo ka\u017edou chv\u00edli puknout. Nejv\u00edce ji na tom v\u0161em vadilo, \u017ee Frederico nic ne\u0159\u00edkal. \u00a0Ml\u010del. Ten t\u011bsn\u00fd prostor mezi n\u00ed a jeho obli\u010dejem, te\u010f u\u017e bez jak\u00e9koliv emoce, vypl\u0148ovalo ticho. A tradi\u010dn\u011b taky jeho siln\u00fd parf\u00e9m, kter\u00fd te\u010f Ameri\u010danku &hellip; <a href=\"http:\/\/www.ironicka-blondyna.cz\/index.php\/2024\/10\/12\/catanzaro-viii-kapitola-zasilka\/\" class=\"more-link\">Continue reading <span class=\"screen-reader-text\">CATANZARO \u2013 VIII. kapitola \u2013 Z\u00e1silka<\/span><\/a><\/p>\n","protected":false},"author":1,"featured_media":1498,"comment_status":"open","ping_status":"open","sticky":false,"template":"","format":"standard","meta":{"jetpack_post_was_ever_published":false,"_jetpack_newsletter_access":"","_jetpack_dont_email_post_to_subs":false,"_jetpack_newsletter_tier_id":0,"_jetpack_memberships_contains_paywalled_content":false,"_jetpack_memberships_contains_paid_content":false,"footnotes":"","jetpack_publicize_message":"","jetpack_publicize_feature_enabled":true,"jetpack_social_post_already_shared":true,"jetpack_social_options":{"image_generator_settings":{"template":"highway","default_image_id":0,"font":"","enabled":false},"version":2}},"categories":[1],"tags":[],"class_list":["post-1524","post","type-post","status-publish","format-standard","has-post-thumbnail","hentry","category-uncategorized"],"jetpack_publicize_connections":[],"jetpack_featured_media_url":"https:\/\/i0.wp.com\/www.ironicka-blondyna.cz\/wp-content\/uploads\/2024\/07\/catanzaro.jpg?fit=656%2C300","jetpack_sharing_enabled":true,"jetpack_shortlink":"https:\/\/wp.me\/pa81Mi-oA","jetpack-related-posts":[],"_links":{"self":[{"href":"http:\/\/www.ironicka-blondyna.cz\/index.php\/wp-json\/wp\/v2\/posts\/1524","targetHints":{"allow":["GET"]}}],"collection":[{"href":"http:\/\/www.ironicka-blondyna.cz\/index.php\/wp-json\/wp\/v2\/posts"}],"about":[{"href":"http:\/\/www.ironicka-blondyna.cz\/index.php\/wp-json\/wp\/v2\/types\/post"}],"author":[{"embeddable":true,"href":"http:\/\/www.ironicka-blondyna.cz\/index.php\/wp-json\/wp\/v2\/users\/1"}],"replies":[{"embeddable":true,"href":"http:\/\/www.ironicka-blondyna.cz\/index.php\/wp-json\/wp\/v2\/comments?post=1524"}],"version-history":[{"count":1,"href":"http:\/\/www.ironicka-blondyna.cz\/index.php\/wp-json\/wp\/v2\/posts\/1524\/revisions"}],"predecessor-version":[{"id":1525,"href":"http:\/\/www.ironicka-blondyna.cz\/index.php\/wp-json\/wp\/v2\/posts\/1524\/revisions\/1525"}],"wp:featuredmedia":[{"embeddable":true,"href":"http:\/\/www.ironicka-blondyna.cz\/index.php\/wp-json\/wp\/v2\/media\/1498"}],"wp:attachment":[{"href":"http:\/\/www.ironicka-blondyna.cz\/index.php\/wp-json\/wp\/v2\/media?parent=1524"}],"wp:term":[{"taxonomy":"category","embeddable":true,"href":"http:\/\/www.ironicka-blondyna.cz\/index.php\/wp-json\/wp\/v2\/categories?post=1524"},{"taxonomy":"post_tag","embeddable":true,"href":"http:\/\/www.ironicka-blondyna.cz\/index.php\/wp-json\/wp\/v2\/tags?post=1524"}],"curies":[{"name":"wp","href":"https:\/\/api.w.org\/{rel}","templated":true}]}}