{"id":1515,"date":"2024-09-02T14:08:38","date_gmt":"2024-09-02T14:08:38","guid":{"rendered":"http:\/\/www.ironicka-blondyna.cz\/?p=1515"},"modified":"2024-09-02T14:08:38","modified_gmt":"2024-09-02T14:08:38","slug":"catanzaro-vi-kapitola-stopa-do-minulosti","status":"publish","type":"post","link":"http:\/\/www.ironicka-blondyna.cz\/index.php\/2024\/09\/02\/catanzaro-vi-kapitola-stopa-do-minulosti\/","title":{"rendered":"CATANZARO \u2013 VI. kapitola \u2013 Stopa do minulosti"},"content":{"rendered":"<p><strong>\u201eRozbolela m\u011b hlava a hledala jsem n\u011bjak\u00e9 pr\u00e1\u0161ky. V\u00a0koupeln\u011b jsem \u017e\u00e1dnou l\u00e9k\u00e1rni\u010dku nena\u0161la, tak jsem myslela, jestli ji nem\u00e1\u0161 t\u0159eba v\u00a0pracovn\u011b,\u201c<\/strong> zalhala Chiara a doufala, \u017ee j\u00ed na to Frederico sko\u010d\u00ed.<br \/>\n<strong>\u201eJe v\u00a0kuchyni,\u201c<\/strong> \u0159ekl na oko klidn\u011b, ale vnit\u0159n\u011b v\u00e1hal, jak velk\u00e1 je pravd\u011bpodobnost, \u017ee slova Chiary v\u00a0sob\u011b nesou pravdu.<br \/>\nS\u00e1m zam\u00ed\u0159il do kuchyn\u011b, kde ob\u011b pizzy polo\u017eil na st\u016fl a otev\u0159el \u010d\u00e1st linky, kde z\u00a0nejvy\u0161\u0161\u00ed police vyt\u00e1hl ko\u0161\u00edk s\u00a0l\u00e9ky, n\u00e1plastmi a dal\u0161\u00edmi v\u011bcmi, kter\u00e9 mu p\u0159ed lety vnutila matka, kdy\u017e se do bytu st\u011bhoval.<br \/>\n<strong>\u201eTam jsem ani nemohla dos\u00e1hnout,\u201c<\/strong> usm\u00e1la se a nastavila dla\u0148, aby ji do ni Frederico mohl z\u00a0pl\u00e1t\u00ed\u010dka vym\u00e1\u010dknout pr\u00e1\u0161ek s paracetamolem.<br \/>\nItal ale nam\u00edsto toho za\u010dal zkoumat krabi\u010dku.<br \/>\n<strong>\u201eTy v\u011bci tady u\u017e ale n\u011bjakou chv\u00edli jsou. Nev\u00edm, jestli ti nebude sp\u00ed\u0161 h\u016f\u0159,\u201c<\/strong> pronesl, zat\u00edmco hledal datum expirace.<br \/>\n<strong>\u201eA jsou n\u011bjak\u00e9 alternativy?\u201c<\/strong> zeptala se a decentn\u011b se k\u00a0n\u011bmu p\u0159ibl\u00ed\u017eila.<\/p>\n<p><!--more--><br \/>\nFrederico polo\u017eil krabi\u010dku s l\u00e9ky zp\u00e1tky do ko\u0161\u00ed\u010dku a zvedl k n\u00ed pohled. Jej\u00ed ot\u00e1zce moc nerozum\u011bl.Chiara se prosm\u00fdkla mezi n\u011bj a kuchy\u0148skou linku, o kterou se z\u00e1dy op\u0159ela, jeho dlan\u011b si polo\u017eila na sv\u00e9 boky a za\u010dala ho l\u00edbat. Itala tohle chov\u00e1n\u00ed docela zneklid\u0148ovalo. Kdyby poslouchal sv\u016fj rozum, odstr\u010d\u00ed ji od sebe a zavol\u00e1 Marcovi, kter\u00e9mu nad\u00e1 do neschopn\u00e9ho idiota, kdy\u017e za n\u011bkolik dn\u00ed nen\u00ed schopn\u00fd zjistit z\u00e1kladn\u00ed informace o n\u011bkom, kdo \u017eije v Catanzaru. Jen\u017ee mozek byl te\u010f v cel\u00e9m jeho t\u011ble to t\u00edm posledn\u00edm org\u00e1nem, kter\u00fdm by mohl uva\u017eovat. Sv\u00e9 dlan\u011b p\u0159esunul ke knofl\u00edk\u016fm Chia\u0159iny ko\u0161ile a jeden po druh\u00e9m za\u010dal rozep\u00ednat. Pak blond\u00fdnku chytil za stehna a vysadil na kuchy\u0148skou linku. Jeho rozpaky byly pry\u010d. Nenechav\u00fdma rukama zajel k zap\u00edn\u00e1n\u00ed podprsenky, kterou dost obratn\u011b rozepnul a sundal. Sv\u00e9 dlan\u011b pak p\u0159em\u00edstil na jej\u00ed pevn\u00e1 a soum\u011brn\u00e1 prsa, kter\u00e1 ho fascinovala vlastn\u011b od prvn\u00edho momentu, kdy se s Chiarou potkal na poh\u0159bu. Ameri\u010danka mu rozepla ko\u0161ili, kterou odhodila na zem a cht\u011bla z Frederica sundat kalhoty. Pak ale d\u011bn\u00ed skoro p\u0159estala vn\u00edmat.<\/p>\n<p>Do hlavy se j\u00ed vkradly my\u0161lenky na to, \u017ee se vlastn\u011b nikdy nec\u00edtila takhle lacin\u00e1. Frederico ji fascinoval. Bezm\u00e1la dvoumetrov\u00fd Ital, kter\u00fd si zachov\u00e1val emo\u010dn\u00ed odstup, pe\u010doval o sebe, m\u011bl vkus na oble\u010den\u00ed a kdykoliv se potkali, musela si p\u0159iznat, \u017ee mu to sekne. V\u011bd\u011bla, \u017ee m\u016f\u017ee m\u00edt jakoukoliv holku, na kterou si uk\u00e1\u017ee. A fakt, \u017ee zrovna ona mu dok\u00e1zala pomotat hlavu ji hladil ego. Nic to ale nem\u011bnilo na tom, \u017ee sp\u00e1t s n\u011bk\u00fdm proto, aby ho pak mohla vyd\u00edrat a zachr\u00e1nit tak vlastn\u00ed rodinu od bobtnaj\u00edc\u00edch probl\u00e9m\u016f ji p\u0159ipadalo stra\u0161n\u00e9. Tok jejich my\u0161lenek p\u0159eru\u0161il Frederico, kter\u00fd k sob\u011b \u0161ikovn\u011b Chiaru oto\u010dil z\u00e1dy a natla\u010dil ji na linku. Decentn\u011b ji zat\u00e1hl za vlasy tak, aby odhalil levou stranu jej\u00edho krku a jemn\u011b ji do n\u011bj kousl.<br \/>\n<strong>\u201eJak dlouho jsi na tohle myslel?\u201c<\/strong> zeptala se.<br \/>\n<strong>\u201eTo ti nem\u016f\u017eu \u0159\u00edct,\u201c<\/strong> \u0159ekl zcela up\u0159\u00edmn\u011b.<br \/>\nNahou si ji p\u0159edstavoval u\u017e kdy\u017e ji vid\u011bl poprv\u00e9. A pak prakticky poka\u017ed\u00e9, kdy\u017e ji potkal.<br \/>\n<strong>\u201ePros\u00edm,\u201c<\/strong> za\u0161eptala sv\u016fdn\u011b a provokativn\u011b se mu natla\u010dila na nah\u00fd kl\u00edn.<br \/>\nNam\u00edsto odpov\u011bdi jedn\u00edm pohybem spojil jejich t\u011bla a jemn\u011b zast\u00e9nal.<\/p>\n<p style=\"text-align: center;\">* * * *<\/p>\n<p>Elia se marn\u011b sna\u017eil dovolat sv\u00e9 sest\u0159e. Zme\u0161kan\u00fdch hovor\u016f od n\u011bj m\u011bla u\u017e alespo\u0148 p\u011bt, ale v\u00a0jej\u00edm p\u0159\u00edpad\u011b ho to zneklid\u0148ovalo podstatn\u011b m\u00e9n\u011b ne\u017e to, \u017ee na hovory nereagoval jeho otec. Nasedl do sv\u00e9ho auta a p\u0159em\u00fd\u0161lel, kde by Antonia mohl naj\u00edt. V\u00a0hlav\u011b si tvo\u0159il seznam m\u00edst, kde jeho t\u00e1ta tr\u00e1vil sv\u016fj \u010das nejrad\u011bji. Snad hodinu obj\u00ed\u017ed\u011bl jeho obl\u00edben\u00e9 restaurace, ptal se person\u00e1lu, jestli se tam nezastavil na ve\u010de\u0159i, ale v\u0161e bez v\u00fdsledku. Nakonec na\u0161el Antonia sed\u011bt v\u00a0aut\u011b u vyho\u0159el\u00e9ho kas\u00edna. Zaparkoval vedle n\u011bj a nastoupil na m\u00edsto spolujezdce.<br \/>\n<strong>\u201ePro\u010d nebere\u0161 telefony? M\u00e1ma um\u00edr\u00e1 strachy,\u201c<\/strong> \u0159ekl lehce autoritativn\u011b, jako kdyby si vym\u011bnili role.<br \/>\n<strong>\u201eProto\u017ee m\u011b napadlo, jak to cel\u00e9 ud\u011blat. A pot\u0159ebuju si promyslet, jestli je to re\u00e1ln\u00e9,\u201c<\/strong> vysv\u011btlil.<br \/>\n<strong>\u201eA jak?\u201c<\/strong><br \/>\n<strong>\u201eM\u00e1m dost vysokou \u017eivotn\u00ed pojistku,\u201c<\/strong> \u0159ekl bez emoc\u00ed.<br \/>\n<strong>\u201eTati!\u201c<\/strong> vyk\u0159ikl zd\u011b\u0161en\u011b Elia <strong>\u201eP\u0159esta\u0148 takhle uva\u017eovat! A v\u016fbec\u2026 Nelam si s\u00a0t\u00edmhle hlavu. J\u00e1 a Chiara m\u00e1me \u0159e\u0161en\u00ed, pot\u0159ebujeme jenom chv\u00edli k\u00a0dobru. Jenom mi mus\u00ed\u0161 \u0159\u00edct, kolik p\u0159esn\u011b te\u010f dlu\u017e\u00ed\u0161. Nesm\u00ed\u0161 mi lh\u00e1t, jinak to k\u00a0ni\u010demu nepovede,\u201c<\/strong> pronesl bez bli\u017e\u0161\u00edch detail\u016f.<br \/>\n<strong>\u201eChiara? Chiara ti pom\u00e1h\u00e1?\u201c<\/strong> zeptal se p\u0159ekvapen\u011b.<br \/>\nElia sice nebyl dvakr\u00e1t py\u0161n\u00fd na to, \u017ee svou sestru pou\u017eil jako n\u00e1vnadu, ale moc jin\u00fdch mo\u017enost\u00ed nem\u011bl. V\u011bd\u011bl, \u017ee kdyby za Fredericem poslal n\u011bkoho jin\u00e9ho, pravd\u011bpodobnost toho, \u017ee doty\u010dn\u00e1 Riverovi za \u00faplatek v\u0161echno vyklop\u00ed se podstatn\u011b zvy\u0161ovala.<br \/>\n<strong>\u201eAno. Proto\u017ee ji na tom taky z\u00e1le\u017e\u00ed,\u201c<\/strong> uji\u0161\u0165oval sp\u00ed\u0161e s\u00e1m sebe.<br \/>\nM\u011bl m\u00edsty sp\u00ed\u0161e pocit, \u017ee kdyby ho\u0159elo i jejich s\u00eddlo v Catanzaru, Chiaru to nech\u00e1 ledov\u011b klidnou a s pokr\u010den\u00edm ramen nak\u00e1\u017ee Felippemu, aby ji posb\u00edral pr\u00e1dlo ze su\u0161\u00e1ku v prvn\u00edm pat\u0159e, zat\u00edmco by si vyt\u00e1hla kufr a \u010dekala, a\u017e ji v\u0161e p\u0159inese.<br \/>\n<strong>\u201eTak tohle p\u0159esn\u011b jsem nikdy necht\u011bl. D\u011bti by do takov\u00fdch v\u011bc\u00ed nikdy nem\u011bly b\u00fdt zapleten\u00e9. M\u011blo by to v\u017edycky z\u016fstat jen mezi rodi\u010di. A te\u010f je to p\u0159esn\u011b naopak. M\u00e1ma o ni\u010dem nem\u00e1 ani tu\u0161en\u00ed,\u201c<\/strong> povzdychl si Antonio.<br \/>\n<strong>\u201eNeboj,\u201c<\/strong> pousm\u00e1l se Elia a pohladil sv\u00e9ho t\u00e1tu po h\u0159betu ruky.<\/p>\n<p style=\"text-align: center;\">* * * *<\/p>\n<p>Z oken Fredericovy lo\u017enice byl v tuhle hodinu n\u00e1dhern\u00fd v\u00fdhled na m\u011bsto, kter\u00e9 u\u017e d\u00e1vno us\u00ednalo. Chiara le\u017eela p\u0159ikryt\u00fd tenkou p\u0159ikr\u00fdvkou, z\u00e1dy op\u0159ena o Freda, kter\u00fd ji jemn\u011b hladil po dekoltu, zat\u00edmco oba ml\u010deli.<br \/>\n<strong>\u201eBudeme tady sp\u00e1t, nebo pojedeme dom\u016f?\u201c<\/strong> zeptala se Chiara.<br \/>\nFrederico se pobaven\u011b pousm\u00e1l.<br \/>\n<strong>\u201eM\u016f\u017eeme tady z\u016fstat. Ale sp\u00e1t t\u011b asi moc nenech\u00e1m,\u201c<\/strong> \u0159ekl up\u0159\u00edmn\u011b a pol\u00edbil ji do vlas\u016f.<br \/>\n<strong>\u201eNebude po tob\u011b zase sh\u00e1\u0148ka?\u201c<\/strong> r\u00fdpla si.<br \/>\n<strong>\u201eA kdo by m\u011b m\u011bl v\u00a011 ve\u010der sh\u00e1n\u011bt?\u201c<\/strong><br \/>\n<strong>\u201eM\u00e1m to jm\u00e9no vyslovit?\u201c<\/strong> pousm\u00e1la se \u0161k\u00e1dliv\u011b, vstala z\u00a0postele, p\u0159ehodila si p\u0159es sebe Fredericovu ko\u0161ili a za\u0161la do kuchyn\u011b pro pizzy, kter\u00e9 za tu dobu stihly u\u017e docela vystydnout. M\u011bla ale obrovsk\u00fd hlad a tohle bylo lep\u0161\u00ed ne\u017e nic. Vr\u00e1tila se s\u00a0j\u00eddlem do lo\u017enice a jednu z\u00a0krabic cht\u011bla podat Italovi, kter\u00fd nast\u00ednil odm\u00edtav\u00fdm pohyb ruky.<br \/>\n<strong>\u201eLuna je kamar\u00e1dka. Nikoho krom\u011b m\u011b a Marca nem\u00e1,\u201c<\/strong> sna\u017eil se vysv\u011btlit k\u00a0nedokon\u010den\u00e9mu t\u00e9matu.<br \/>\n<strong>\u201eRozum\u00edm. J\u00e1 m\u00e1m spoustu p\u0159\u00e1tel. A obvykle nem\u00e1m ve zvyku jim po noc\u00edch n\u011bkolikr\u00e1t volat,\u201c<\/strong> \u0159ekla Chiara lehce rozhozen\u011b.<br \/>\nSotva to ale do\u0159ekla, c\u00edtila se trapn\u011b. Ani nem\u011bla v\u00a0pl\u00e1nu s\u00a0Fredericem chodit a u\u017e si mohla p\u0159ipsat sc\u00e9nu.<br \/>\nFrederico se na n\u00ed s\u00a0p\u0159ekvapen\u00fdm \u00fasm\u011bvem pod\u00edval.<br \/>\n<strong>\u201eTy \u017e\u00e1rl\u00ed\u0161?\u201c<\/strong> zeptal se, a\u010dkoliv si to pro sebe sp\u00ed\u0161e konstatoval.<br \/>\n<strong>\u201eNe, ne\u017e\u00e1rl\u00edm. Mezi n\u00e1mi tvo\u0159\u00ed propast sp\u00ed\u0161e m\u016fj bl\u00ed\u017e\u00edc\u00ed se n\u00e1vrat do Ameriky, ne\u017e tvoje zb\u011bsil\u00e1 kamar\u00e1dka Luna,\u201c<\/strong> \u0159ekla nakonec.<br \/>\nItal poc\u00edtil lehk\u00e9 zklam\u00e1n\u00ed. Chia\u0159in n\u00e1vrat do USA u\u017e skoro vyt\u011bsnil z\u00a0hlavy.<br \/>\n<strong>\u201eV\u00e1\u017en\u011b zam\u00fd\u0161l\u00ed\u0161 odlet\u011bt?\u201c<\/strong><br \/>\nBlond\u00fdnka si z\u00a0krabice vyndala troj\u00faheln\u00ed\u010dek pizzy, posadila se na postel a zalezla pod pe\u0159inu.<br \/>\n<strong>\u201eM\u016fj \u017eivot je v\u00a0Americe, tady l\u00e9t\u00e1m jen na \u010d\u00e1st roku,\u201c<\/strong> p\u0159ipomn\u011bla mu.<br \/>\n<strong>\u201eA co by t\u011b p\u0159im\u011blo z\u016fstat?\u201c<\/strong> zkoumal.<br \/>\n<strong>\u201eTo nev\u00edm. Chce\u0161 si d\u00e1t za \u00fakol, \u017ee na n\u011bco p\u0159ijde\u0161?\u201c<\/strong> pod\u00edvala se na n\u011bj a v\u011bnovala mu \u00fasm\u011bv, kter\u00fd ji oplatil. Za t\u00edm jeho se ale skr\u00fdvalo zklam\u00e1n\u00ed, \u017ee odjezd po\u0159\u00e1d bere jako automatickou v\u011bc. Na tenhle p\u0159\u00edstup nebyl u holek moc zvykl\u00fd.<\/p>\n<p style=\"text-align: center;\">* * * *<\/p>\n<p>Elia vyu\u017eil toho, \u017ee podzimn\u00ed slun\u00ed\u010dko se r\u00e1no ani trochu neschov\u00e1valo a vyrazil posn\u00eddat na terasu. Sice v\u00a0rol\u00e1ku a d\u017e\u00edn\u00e1ch, ale i tak se rozhodl, \u017ee si za\u010d\u00e1tek dne ud\u011bl\u00e1 hezk\u00fd. Poslal Felippeho pro \u010derstv\u00e9 pe\u010divo, kter\u00e9 si te\u010f vychutn\u00e1val s\u00a0m\u00e1slem a d\u017eemem.<br \/>\n<strong>\u201eAhoj,\u201c<\/strong> pozdravila ho jeho sestra, kter\u00e1 se zjevila z \u010dista jasna a p\u016fsobila jako t\u011blo bez du\u0161e.<br \/>\n<strong>\u201eCo se stalo? A pro\u010d mi nebere\u0161 telefon?\u201c<\/strong> zeptal se zasko\u010den\u011b.<br \/>\nChiara p\u0159ed n\u011bj polo\u017eila mobil, na kter\u00e9m m\u011bla vyfocen\u00e9 materi\u00e1ly ze slo\u017eek, kter\u00e9 u na\u0161la ve Fredericov\u011b pracovn\u011b.<br \/>\nElia si ot\u0159el ruce do ubrousku a chv\u00edli fotky zkoumal. Potom se pousm\u00e1l.<br \/>\n<strong>\u201ePr\u00e1v\u011b jsi trefila jackpot. V\u00ed\u0161, co to je?\u201c<\/strong> v\u011bnoval sv\u00e9 sest\u0159e v\u00edt\u011bzoslavn\u00fd pohled.<br \/>\n<strong>\u201eNev\u00edm, ale bylo to jedin\u00e9, co jsem stihla vyfotit. Bylo to o fous,\u201c<\/strong> p\u0159iznala.<br \/>\n<strong>\u201eTyhle lidi tak 20 let zp\u00e1tky hledala policie. Byly toho pln\u00e9 noviny, pln\u00e9 televize. Dva z\u00a0nich m\u011bli bl\u00edzko k\u00a0t\u00e1tovi i star\u00e9mu Riverovi. Ten zbytek u\u017e p\u0159esn\u011b nev\u00edm, ale mysl\u00edm si, \u017ee to byly n\u011bjak\u00e1 zv\u00ed\u0159ata na \u00fa\u0159adech,\u201c<\/strong> vysv\u011btlil.<br \/>\nChiara pokr\u010dila rameny.<br \/>\n<strong>\u201eA? Mo\u017en\u00e1 vzali roha, ne? Nebyli by prvn\u00ed,\u201c<\/strong> \u0159ekla, zat\u00edmco se nat\u00e1hla pro cappuccino, kter\u00e9 si Elia p\u0159inesl na podt\u00e1cku spolu se sn\u00eddan\u00ed.<br \/>\n<strong>\u201eTahle pravd\u011bpodobnost je v\u00e1\u017en\u011b mal\u00e1. U\u017e tehdy to smrd\u011blo vra\u017edou. Ale t\u011bla se nikdy nena\u0161la,\u201c<\/strong> pokra\u010doval, zat\u00edmco p\u0159em\u00fd\u0161lel nad t\u00edm, \u017ee tou dobou Rivera investoval do v\u00fdstavbu mal\u00e9 rezidence za m\u011bstem.<br \/>\n<strong>\u201eRivera v\u00a0t\u00e9 dob\u011b n\u011bjak skupoval pozemky a nechal postavit rezidenci zapln\u011bnou luxusn\u00edmi vilkami. Tak\u017ee m\u011b napad\u00e1 varianta, jestli te\u010f n\u011bkdo nebydl\u00ed na ostatc\u00edch t\u011bch chud\u00e1k\u016f. Ot\u00e1zkou je, pro\u010d by se Riverovi tihle lidi znel\u00edbili. Byli jedna parta a tahali za stejn\u00fd provaz,\u201c<\/strong> uva\u017eoval nahlas.<br \/>\n<strong>\u201eTo m\u011b nezaj\u00edm\u00e1. Prost\u011b mi jen \u0159ekni, jestli tohle sta\u010d\u00ed,\u201c<\/strong> cht\u011bla se ujistit.<br \/>\nElia se pousm\u00e1l.<br \/>\n<strong>\u201eBohat\u011b. Gratuluju, tv\u016fj \u00fakol je u konce,\u201c<\/strong> \u0159ekl nakonec, shodil ze sebe ubrousek na st\u016fl a v\u00a0 dobr\u00e9 n\u00e1lad\u011b ode\u0161el n\u011bkam pry\u010d.<br \/>\nChiara si vzala telefon ze stolu zp\u011bt k sob\u011b a ve stejnou chv\u00edli ji v mobilu cinkla zpr\u00e1va. Frederico.<br \/>\n<strong>\u00bbTENHLE DEN BUDE NEKONE\u010cN\u00dd. NA VE\u010cER JSEM VYMYSLEL PL\u00c1N A B. VYBERE\u0160 SI JEDEN Z NICH?\u00ab<br \/>\n<\/strong>Tou dobou sed\u011bl na setk\u00e1n\u00ed sv\u00e9ho otce se sponzory a podporovateli v jeho volebn\u00ed kampani, ale Frederico se na prob\u00edhaj\u00edc\u00ed debatu nedok\u00e1zal soust\u0159edit. P\u0159\u00edtomn\u00fdm u stolu ob\u010das v\u011bnoval n\u011bjak\u00fd pohled, kter\u00fdm se je pokou\u0161el ujistit, \u017ee vn\u00edm\u00e1, nicm\u00e9n\u011b my\u0161lenkama byl u v\u010derej\u0161\u00edho ve\u010dera.<\/p>\n<p>Blond\u00fdna se z\u00e1dy op\u0159ela o \u017eidli a prot\u00e1hla se. Teoreticky u\u017e se s n\u00edm vid\u011bt nemusela, ale vlastn\u011b cht\u011bla. A\u010dkoliv te\u010f, kdy\u017e u\u017e Elia o v\u0161em v\u011bd\u011bl, riskovala je\u0161t\u011b v\u00edc ne\u017e p\u0159edt\u00edm. Ve chv\u00edli, kdy na Frederica se z\u00edskan\u00fdmi informacemi ude\u0159\u00ed, bude naprosto z\u0159ejm\u00e9, odkud je m\u00e1.<\/p>\n<p>&nbsp;<\/p>\n","protected":false},"excerpt":{"rendered":"<p>\u201eRozbolela m\u011b hlava a hledala jsem n\u011bjak\u00e9 pr\u00e1\u0161ky. V\u00a0koupeln\u011b jsem \u017e\u00e1dnou l\u00e9k\u00e1rni\u010dku nena\u0161la, tak jsem myslela, jestli ji nem\u00e1\u0161 t\u0159eba v\u00a0pracovn\u011b,\u201c zalhala Chiara a doufala, \u017ee j\u00ed na to Frederico sko\u010d\u00ed. \u201eJe v\u00a0kuchyni,\u201c \u0159ekl na oko klidn\u011b, ale vnit\u0159n\u011b v\u00e1hal, jak velk\u00e1 je pravd\u011bpodobnost, \u017ee slova Chiary v\u00a0sob\u011b nesou pravdu. S\u00e1m zam\u00ed\u0159il do kuchyn\u011b, kde &hellip; <a href=\"http:\/\/www.ironicka-blondyna.cz\/index.php\/2024\/09\/02\/catanzaro-vi-kapitola-stopa-do-minulosti\/\" class=\"more-link\">Continue reading <span class=\"screen-reader-text\">CATANZARO \u2013 VI. kapitola \u2013 Stopa do minulosti<\/span><\/a><\/p>\n","protected":false},"author":1,"featured_media":1498,"comment_status":"open","ping_status":"open","sticky":false,"template":"","format":"standard","meta":{"jetpack_post_was_ever_published":false,"_jetpack_newsletter_access":"","_jetpack_dont_email_post_to_subs":false,"_jetpack_newsletter_tier_id":0,"_jetpack_memberships_contains_paywalled_content":false,"_jetpack_memberships_contains_paid_content":false,"footnotes":"","jetpack_publicize_message":"","jetpack_publicize_feature_enabled":true,"jetpack_social_post_already_shared":true,"jetpack_social_options":{"image_generator_settings":{"template":"highway","default_image_id":0,"font":"","enabled":false},"version":2}},"categories":[1],"tags":[],"class_list":["post-1515","post","type-post","status-publish","format-standard","has-post-thumbnail","hentry","category-uncategorized"],"jetpack_publicize_connections":[],"jetpack_featured_media_url":"https:\/\/i0.wp.com\/www.ironicka-blondyna.cz\/wp-content\/uploads\/2024\/07\/catanzaro.jpg?fit=656%2C300","jetpack_sharing_enabled":true,"jetpack_shortlink":"https:\/\/wp.me\/pa81Mi-or","jetpack-related-posts":[],"_links":{"self":[{"href":"http:\/\/www.ironicka-blondyna.cz\/index.php\/wp-json\/wp\/v2\/posts\/1515","targetHints":{"allow":["GET"]}}],"collection":[{"href":"http:\/\/www.ironicka-blondyna.cz\/index.php\/wp-json\/wp\/v2\/posts"}],"about":[{"href":"http:\/\/www.ironicka-blondyna.cz\/index.php\/wp-json\/wp\/v2\/types\/post"}],"author":[{"embeddable":true,"href":"http:\/\/www.ironicka-blondyna.cz\/index.php\/wp-json\/wp\/v2\/users\/1"}],"replies":[{"embeddable":true,"href":"http:\/\/www.ironicka-blondyna.cz\/index.php\/wp-json\/wp\/v2\/comments?post=1515"}],"version-history":[{"count":1,"href":"http:\/\/www.ironicka-blondyna.cz\/index.php\/wp-json\/wp\/v2\/posts\/1515\/revisions"}],"predecessor-version":[{"id":1517,"href":"http:\/\/www.ironicka-blondyna.cz\/index.php\/wp-json\/wp\/v2\/posts\/1515\/revisions\/1517"}],"wp:featuredmedia":[{"embeddable":true,"href":"http:\/\/www.ironicka-blondyna.cz\/index.php\/wp-json\/wp\/v2\/media\/1498"}],"wp:attachment":[{"href":"http:\/\/www.ironicka-blondyna.cz\/index.php\/wp-json\/wp\/v2\/media?parent=1515"}],"wp:term":[{"taxonomy":"category","embeddable":true,"href":"http:\/\/www.ironicka-blondyna.cz\/index.php\/wp-json\/wp\/v2\/categories?post=1515"},{"taxonomy":"post_tag","embeddable":true,"href":"http:\/\/www.ironicka-blondyna.cz\/index.php\/wp-json\/wp\/v2\/tags?post=1515"}],"curies":[{"name":"wp","href":"https:\/\/api.w.org\/{rel}","templated":true}]}}