{"id":1504,"date":"2024-08-04T08:00:23","date_gmt":"2024-08-04T08:00:23","guid":{"rendered":"https:\/\/www.ironicka-blondyna.cz\/?p=1504"},"modified":"2024-08-04T08:37:45","modified_gmt":"2024-08-04T08:37:45","slug":"catanzaro-ii-kapitola-v-prestrojni","status":"publish","type":"post","link":"http:\/\/www.ironicka-blondyna.cz\/index.php\/2024\/08\/04\/catanzaro-ii-kapitola-v-prestrojni\/","title":{"rendered":"CATANZARO \u2013 II. kapitola \u2013 V p\u0159estrojen\u00ed"},"content":{"rendered":"<p>Frederico s\u00a0Marcem sed\u011bli v pracovn\u011b, kter\u00e1 byla vybavena t\u011b\u017ek\u00fdmi ko\u017een\u00fdmi k\u0159esly, velkou seda\u010dkou a mohutn\u00fdm d\u0159ev\u011bn\u00fdm n\u00e1bytkem.<br \/>\n<strong>\u201ePen\u00edze dorazily v\u0161echny. Jedin\u00fd, kdo nezaplatil, je chud\u00e1\u010dek Andrea. Ten bordel mu bu\u010f nevyn\u00e1\u0161\u00ed, nebo zapom\u00edn\u00e1 na svoje z\u00e1vazky,\u201c<\/strong> ozn\u00e1mil Marco pot\u00e9, co zav\u0159el posledn\u00ed \u0161anon, kter\u00fd m\u011bl zkontrolovat.<br \/>\n<strong>\u201eTak tam n\u011bkoho po\u0161li. Ide\u00e1ln\u011b je\u0161t\u011b dneska,\u201c<\/strong> na\u0159\u00eddil Frederico a nat\u00e1hl se pro ristretto na konci stolu.<br \/>\n<strong>\u201eFajn. Co Luna, u\u017e jste si n\u011bjak sladili sv\u00e9 kost\u00fdmky na ve\u010dern\u00ed p\u00e1rty?\u201c<\/strong> zeptal se posm\u011b\u0161n\u011b Marco.<br \/>\n<strong>\u201eTam se mi up\u0159\u00edmn\u011b nechce j\u00edt. D\u011blat ze sebe vola nen\u00ed m\u016fj ide\u00e1ln\u00ed program na p\u00e1te\u010dn\u00ed ve\u010der,\u201c<\/strong> post\u011b\u017eoval si mafi\u00e1nsk\u00fd synek.<br \/>\n<strong>\u201eTak pro\u010d se na to nevyka\u0161le\u0161?\u201c<\/strong> nech\u00e1pal Marco, kter\u00fd se z\u00e1dy zap\u0159el do op\u011bradla ko\u017een\u00e9ho k\u0159esla, jen\u017e pod n\u00edm lehce zak\u0159upalo.<br \/>\nFrederico pokr\u010dil rameny, na\u010de\u017e jeho kamar\u00e1d se za\u010dal od srdce sm\u00e1t: <strong>\u201eTy ji miluje\u0161!\u201c<\/strong><br \/>\n<strong>\u201eNe. Jenom\u2026 je mi ji tak n\u011bjak l\u00edto. M\u00e1m trochu dojem, \u017ee bych se o n\u00ed vlastn\u011b m\u011bl postarat,\u201c<\/strong> sna\u017eil se vysv\u011btlit sv\u00e9 my\u0161lenkov\u00e9 pochody, kter\u00e9 se ho dr\u017eely od doby, co rodi\u010de Luny zem\u0159eli p\u0159i autonehod\u011b.<br \/>\nMarco souhlasn\u011b p\u0159ik\u00fdvl.<br \/>\n<strong>\u201eJ\u00e1 to ch\u00e1pu.\u201c<\/strong><br \/>\n<strong>\u201eCo\u017e ale nic nem\u011bn\u00ed na tom, \u017ee se mi tam ani trochu nechce,\u201c<\/strong> dodal Frederico s\u00a0povzdechem.<br \/>\n<strong>\u201eP\u0159i\u0161lo mi, \u017ee na tu ko\u010di\u010dku na poh\u0159bu docela \u017e\u00e1rlila,\u201c<\/strong> napadlo Marca.<br \/>\n<strong>\u201e\u00dapln\u011b nesmysln\u011b,\u201c<\/strong> zavrt\u011bl Fredo hlavou.<br \/>\n<strong>\u201eJako\u017ee t\u011b ta holka nezaj\u00edm\u00e1, nebo jako\u017ee to mezi tebou a Lunou nikam nesm\u011b\u0159uje?\u201c<\/strong> zabrousil Marco k\u00a0t\u00e9matu, u kter\u00e9ho on s\u00e1m nem\u011bl jasno.<br \/>\n<strong>\u201eOd v\u0161eho trochu. Luna je fajn, ale\u2026 nec\u00edt\u00edm tam asi to, co bych m\u011bl. A to u\u017e del\u0161\u00ed dobu vlastn\u011b u \u017e\u00e1dn\u00e9 holky. Mo\u017en\u00e1 toho p\u0159edt\u00edm bylo moc,\u201c<\/strong> odpov\u011bd\u011bl up\u0159\u00edmn\u011b Frederico, jeho\u017e posledn\u00ed v\u00e1\u017en\u00fd vztah skon\u010dil p\u0159ed t\u0159emi lety a od t\u00e9 doby se do ni\u010deho moc nehnal. S\u00a0v\u00fdjimkou n\u011bkolika kr\u00e1tk\u00fdch rom\u00e1nk\u016f, jejich\u017e \u00fa\u010dastnice jednu dobu st\u0159\u00eddal jak pono\u017eky.<br \/>\n<strong>\u201eMoc v\u00a0tom hled\u00e1\u0161 hloubku. Pokud holka dob\u0159e va\u0159\u00ed a dob\u0159e kou\u0159\u00ed, co v\u00edc si od \u017eivota m\u016f\u017ee\u0161 p\u0159\u00e1t,\u201c<\/strong> zazubil se pro sebe Marco a kdy\u017e u\u017e byl p\u0159i tom kou\u0159en\u00ed, nat\u00e1hl se pro krabi\u010dku cigaret, ze kter\u00e9 si jednu zap\u00e1lil.<br \/>\n<strong>\u201eTvoje nen\u00e1ro\u010dnost je skv\u011bl\u00e1,\u201c<\/strong> usm\u00e1l se Frederico, kter\u00fd sv\u00e9ho kamar\u00e1da \u010dasto obdivoval za to, s \u010d\u00edm v\u0161\u00edm se dok\u00e1zal spokojit.<br \/>\n<strong>\u201eJo, \u017eije se mi fajn,\u201c<\/strong> p\u0159ik\u00fdvl spokojen\u011b Marco a vyfoukl kou\u0159 z\u00a0cigarety <strong>\u201eNehled\u00e1m ve vztahu \u017e\u00e1dn\u00e9 kraviny typu \u0161t\u011bst\u00ed, chemii, nic. Pokud to funguje v\u00a0posteli, je aspo\u0148 tro\u0161ku hezk\u00e1 a zbyte\u010dn\u011b se do m\u011b nesere, co v\u00edc bych cht\u011bl?\u201c<\/strong><br \/>\nFrederico se pousm\u00e1l. Marca m\u011bl r\u00e1d, ale v\u00a0tomhle sm\u011bru si musel p\u0159iznat, \u017ee od vztahu \u010dek\u00e1 n\u011bco v\u00edc ne\u017e dobr\u00fd sex a \u0161pagety.<\/p>\n<p style=\"text-align: center;\">* * * *<\/p>\n<p>Dvoupatrov\u00fd bar kousek od pl\u00e1\u017ee byl pln\u00fd mlad\u00fdch lid\u00ed tou\u017e\u00edc\u00edch po z\u00e1bav\u011b, kterou tahle halloweensk\u00e1 p\u00e1rty nab\u00edzela. Frederico post\u00e1val na balkonku v\u00a0pat\u0159e a prohl\u00ed\u017eel si, jak je cel\u00fd objekt nazdoben\u00fd um\u011bl\u00fdmi pavu\u010dinami, pavouky, netop\u00fdry a jinou hav\u011bt\u00ed, kter\u00e1 m\u011bla tenhle americk\u00fd sv\u00e1tek p\u0159ipom\u00ednat. Lid\u00e9 v\u00a0p\u0159\u00edzem\u00ed post\u00e1vali u baru, kde jim serv\u00edrovali r\u016fzn\u00e1 j\u00eddla a trapn\u00e9 kel\u00edmky s\u00a0n\u00e1pojem, kter\u00fd m\u011bl p\u0159ipom\u00ednat krev. Luna se opod\u00e1l spokojen\u011b fotila se sv\u00fdmi kamar\u00e1dkami, zat\u00edmco Fredo p\u0159em\u00fd\u0161lel, jak dlouho to tady m\u016f\u017ee vydr\u017eet. Marco se ztratil na z\u00e1chod s\u00a0n\u011bjakou holkou v\u00a0kost\u00fdmku vl\u010dice a bylo dost diskutabiln\u00ed, jestli se s\u00a0jeho dal\u0161\u00ed \u00fa\u010dasti na tomhle ve\u010d\u00edrku je\u0161t\u011b d\u00e1 po\u010d\u00edtat.<\/p>\n<p><strong>\u201eSko\u010d\u00edm pro pit\u00ed,\u201c<\/strong> ozn\u00e1mil Frederico Lun\u011b, kter\u00e1 mezi fotografov\u00e1n\u00edm p\u0159ik\u00fdvla, a vydal se sm\u011brem do p\u0159\u00edzem\u00ed. Cestou se prohl\u00eddl v\u00a0zrcadle, kter\u00e9 lemovalo schody. Taky mohla Luna vymyslet n\u011bco origin\u00e1ln\u011bj\u0161\u00edho, ne\u017e zombieho, kter\u00fdch byly kolem des\u00edtky.<br \/>\nVyrazil sice odhodlan\u011b k\u00a0baru s\u00a0j\u00eddlem, ze kter\u00e9ho si sm\u00ed\u0159en\u011b chystal vz\u00edt n\u011bco na zub, ale trochu ho odrazovalo, \u017ee na tyhle v\u011bci mohl s\u00e1hnout kdokoliv, kdo \u0161el zrovna kolem. Mezi mini hamburgery a hot dogy si nav\u00edc nemohl vybrat. Do\u0161lo mu, \u017ee olivy, kousek pizzy nebo aspo\u0148 grissini s\u00a0parmskou \u0161unkou asi na p\u00e1rty s\u00a0americkou t\u00e9matikou \u010dekal marn\u011b.<br \/>\n<strong>\u201eArturo, kde je n\u011bjak\u00fd s\u00fdr, nebo aspo\u0148 prosciutto?\u201c<\/strong> sly\u0161el za sebou \u017eensk\u00fd hlas.<br \/>\nP\u0159esn\u011b jeho krevn\u00ed skupina.<br \/>\n<strong>\u201eJak by se n\u011bco takov\u00e9ho mohlo dostat na halloweenskou p\u00e1rty? Tob\u011b by to m\u011blo b\u00fdt speci\u00e1ln\u011b bl\u00edzk\u00e9,\u201c<\/strong> nam\u00edtl n\u011bkdo. Frederico se za d\u00edv\u010d\u00edm hlasem oto\u010dil a posko\u010dilo mu srdce.<br \/>\nBlond\u00fdna z poh\u0159bu?<br \/>\n<strong>\u201e<em>Buonasera<\/em>,\u201c<\/strong> pozdravil a po elegantn\u00ed oto\u010dn\u00e9 k\u00a0n\u00ed nepatrn\u011b vykro\u010dil.<br \/>\nChiara k\u00a0Italovi zvedla sv\u016fj pohled a p\u0159est\u00edrala lehk\u00fd \u00fadiv: <strong>\u201e<em>Buenasera<\/em>,\u201c<\/strong> odpov\u011bd\u011bla. Moc dob\u0159e v\u011bd\u011bla, \u017ee tady bude. Tentokr\u00e1t ale sv\u016fj hereck\u00fd v\u00fdkon zvl\u00e1dla o n\u011bco l\u00e9pe ne\u017e ten v kostele. Fredo ji sjel od hlavy k\u00a0pat\u011b. Kost\u00fdm padl\u00e9ho and\u011bla k\u00a0n\u00ed docela sed\u011bl. \u010cern\u00fd ko\u017eenkov\u00fd korzet, k\u0159\u00eddla a lodi\u010dky z\u00a0n\u00ed d\u011blaly snad je\u0161t\u011b v\u011bt\u0161\u00ed ko\u010dku ne\u017e na poh\u0159bu.<br \/>\n<strong>\u201eHalloweensk\u00e1 p\u00e1rty je hned po poh\u0159bu druh\u00e9 nejm\u00e9n\u011b pravd\u011bpodobn\u00e9 m\u00edsto, kde bych v\u00e1s \u010dekal.\u201c<\/strong><br \/>\nChiara lehce zvedla koutky rt\u016f do \u00fasm\u011bv, ale ml\u010dela. Kdy\u017e ho te\u010f vid\u011bla p\u0159ed sebou v \u010dern\u00fdch d\u017e\u00edn\u00e1ch, stejnobarevn\u00e9m triku a s obli\u010dejem pln\u00fdm dokreslen\u00fdch \u0161r\u00e1m\u016f, p\u0159i\u0161lo j\u00ed to p\u0159edchoz\u00ed sd\u011blen\u00ed vlastn\u011b docela vtipn\u00e9.<br \/>\n<strong>\u201eJsem r\u00e1d, \u017ee nejsem jedin\u00fd, kdo tady trp\u00ed,\u201c<\/strong> p\u0159eru\u0161il kr\u00e1tk\u00e9 ticho a oto\u010dil se tak, aby vid\u011bl na st\u016fl s\u00a0ob\u010derstven\u00edm.<br \/>\n<strong>\u201eDo It\u00e1lie l\u00e9t\u00e1m, abych si od fast foodu odpo\u010dala,\u201c<\/strong> u\u0161kl\u00edbla se.<br \/>\n<strong>\u201ePak nem\u016f\u017ee b\u00fdt n\u00e1hoda, \u017ee zn\u00e1m kousek odsud restauraci, kde d\u011blaj\u00ed v\u00fdborn\u00e9 ravioli,\u201c<\/strong> pousm\u00e1l se Frederico, jeho\u017e siln\u00fd, ko\u0159en\u011bn\u00fd parf\u00e9m i tentokr\u00e1t dr\u00e1\u017edil Chia\u0159e chv\u00edlemi nos. Blond\u00fdnka mu \u00fasm\u011bv oplatila.<br \/>\n<strong>\u201eZnamen\u00e1 to souhlas s\u00a0pozv\u00e1n\u00edm na ve\u010de\u0159i?\u201c<\/strong> zkou\u0161el.<br \/>\n<strong>\u201eMohl by znamenat,\u201c<\/strong> odpov\u011bd\u011bla.<br \/>\nAni jeden z\u00a0nich netu\u0161il, \u017ee je z\u00a0poschod\u00ed sleduje s\u00a0pok\u0159iven\u00fdmi rty Luna. Vyto\u010den\u011b se rukou odtla\u010dila od z\u00e1bradl\u00ed a vyrazila za nimi dol\u016f. Tahle blon\u010fat\u00e1 coura ji za\u010d\u00ednala l\u00e9zt na nervy. Ne\u017e k\u00a0nim stihla doj\u00edt, v\u0161imla si, jak Frederico s\u00a0Chiarou pobaven\u011b v\u00a0rychlosti miz\u00ed k\u00a0v\u00fdchodu.<\/p>\n<p style=\"text-align: center;\">* * * *<\/p>\n<p>Frederico se bezmocn\u011b sna\u017eil zastavit dal\u0161\u00ed tax\u00edk, ale stejn\u011b jako dva p\u0159edchoz\u00ed, i tenhle \u0159idi\u010d kolem baru prosvi\u0161t\u011bl s plynem na podlaze. Moc si neuv\u011bdomoval, \u017ee jeho aktu\u00e1ln\u00ed kost\u00fdm tomu asi \u00fapln\u011b nep\u0159id\u00e1v\u00e1, a to si je\u0161t\u011b ani \u0159idi\u010di nestihli po\u0159\u00e1dn\u011b prohl\u00e9dnout, \u017ee \u010dlov\u011bk, kter\u00fd by se s nimi r\u00e1d svezl je synem jednoho z nejv\u011bt\u0161\u00edch mafi\u00e1nsk\u00fdch boss\u016f v Kal\u00e1brii.<br \/>\n<strong>\u201eNem\u00e1m to teda zkusit j\u00e1?\u201c<\/strong> zeptala se Chiara, kter\u00e1 nedok\u00e1zala skr\u00fdvat sv\u00e9 opravdov\u00e9 otr\u00e1ven\u00ed. Ve snaze vl\u00e9zt do vozovky se p\u0159ipletla do cesty star\u0161\u00edmu mu\u017ei na kole, kter\u00fd tak tak zabrzdil a s\u00a0nep\u0159\u00edjemn\u00fdm v\u00fdrazem ji nakonec objel. Tou dobou u\u017e kolem Chiary a Frederica proj\u00ed\u017ed\u011bl dal\u0161\u00ed tax\u00edk, kter\u00fd se neobt\u011b\u017eoval zastavit. Frederico mezit\u00edm zamy\u0161len\u011b pozoroval mu\u017ee, jen\u017e zaparkoval sv\u00e9 kolo u ve\u010derky a vyrazil dovnit\u0159 pro pozdn\u00ed n\u00e1kup. Chiara si v\u0161imla, s\u00a0jak\u00fdm z\u00e1jmem tohle cel\u00e9 sleduje. Do\u0161lo ji, \u017ee st\u0159edem z\u00e1jmu je moment\u00e1ln\u011b kolo.<br \/>\n<strong>\u201eNe,\u201c<\/strong> zavrt\u011bla hlavou, doufaj\u00edc, \u017ee se mu v\u00a0hlav\u011b ner\u00fdsuje to, na co sama mysl\u00ed. Frederico s\u00a0prosebn\u00fdm v\u00fdrazem k\u00a0bicyklu k\u00fdvl hlavou a ani\u017e by \u010dekal na to, jestli blond\u00fdna zm\u011bn\u00ed sv\u016fj n\u00e1zor, sebev\u011bdom\u011b kolo odparkoval a pokynul, aby Chiara nasedla na ty\u010d. Blond\u00fdna se sice sna\u017eila p\u016fsobit na jehl\u00e1ch a s\u00a0k\u0159\u00eddly sebev\u011bdom\u011b, kdy\u017e usedala na konstrukci kola, ale dost dob\u0159e v\u011bd\u011bla, \u017ee tohle pravd\u011bpodobn\u011b skon\u010d\u00ed katastrof\u00e1ln\u011b.<br \/>\n<strong>\u201e<em>Possiamo?<\/em>\u201c<\/strong> zeptal se Frederico jestli je p\u0159ipraven\u00e1 je\u0161t\u011b kr\u00e1tce p\u0159edt\u00edm ne\u017e se odrazil.<br \/>\n<strong><em>\u201eS\u00ed,\u201c<\/em> <\/strong>odpov\u011bd\u011bla Chiara a zapi\u0161t\u011bla strachy sotva vyrazili od chodn\u00edku.<br \/>\n<strong>\u201eNa kole jsem snad nikdy nejela,\u201c<\/strong> doplnila po chv\u00edli ticha, kdy se Frederico pekeln\u011b soust\u0159edil, aby Chiaru nevyklopil a sebe nezabil.<br \/>\n<strong>\u201eJ\u00e1 jo. A moc mi to ne\u0161lo,\u201c<\/strong> p\u0159iznal, zat\u00edmco vyb\u00edral zat\u00e1\u010dku, kter\u00e1 byla z\u00a0kopce.<br \/>\n<strong>\u201eTo kolo ale nevypad\u00e1 v\u00a0moc dobr\u00e9m stavu,\u201c<\/strong> usoudila Chiara p\u0159i pohledu na korozi na \u0159\u00edd\u00edtk\u00e1ch.<br \/>\n<strong>\u201eTaky mu to v\u016fbec nebrzd\u00ed,\u201c<\/strong> uklidnil j\u00ed.<\/p>\n<p>Vlastn\u011b ji to p\u0159i\u0161lo docela vtipn\u00e9. M\u011bla pocit, \u017ee ude\u0159ila jej\u00ed posledn\u00ed hodinka a p\u0159edstavovala si, jak budou vypadat titulky v\u00a0novin\u00e1ch. \u00bbSyn ob\u00e1van\u00e9ho mafi\u00e1nsk\u00e9ho bosse zem\u0159el na kole po boku dcery zkrachoval\u00e9ho mafi\u00e1nsk\u00e9ho bosse. Symbolicky byl p\u0159i tom v\u00a0kost\u00fdmu zombieho\u00ab.<br \/>\n<strong>\u201eDouf\u00e1m, \u017ee ta ve\u010de\u0159e bude st\u00e1t za to,\u201c<\/strong> r\u00fdpla si.<br \/>\n<strong>\u201eVlastn\u011b ani nev\u00edm, jestli je\u0161t\u011b budou m\u00edt otev\u0159enou kuchy\u0148,\u201c<\/strong> \u0159ekl popravd\u011b.<br \/>\nBlond\u00fdna nev\u011bd\u011bla, jestli se sm\u00e1t nebo bre\u010det. Pr\u00e1v\u011b sed\u011bla na ty\u010dce kraden\u00e9ho kola, kter\u00e9 \u0159\u00eddil syn chlapa, kter\u00fd m\u00e1lem dostal jej\u00edho t\u00e1tu do krimin\u00e1lu a jemu\u017e musela p\u0159edst\u00edrat z\u00e1jem, aby zachr\u00e1nila zadek sv\u00e9 rodin\u011b.<br \/>\n<strong>\u201eZa\u010d\u00edn\u00e1m p\u0159em\u00fd\u0161let, jestli se to pozv\u00e1n\u00ed na ve\u010de\u0159i nezvrtlo na \u00fanos,\u201c<\/strong> r\u00fdpla si znova.<br \/>\nFrederico se zasm\u00e1l: <strong>\u201eJedna v\u011bc m\u011b ale docela d\u011bs\u00ed,\u201c<\/strong> p\u0159iznal nahlas.<br \/>\n<strong>\u201eNem\u00e1m zbra\u0148,\u201c<\/strong> ujistila ho Chiara.<br \/>\n<strong>\u201eToho se neboj\u00edm. Jsem schopn\u00fd r\u016fzn\u00fdch v\u011bc\u00ed,\u201c<\/strong> odsekl. Norm\u00e1ln\u011b by to brala jako flirt, ale tu\u0161ila, \u017ee v\u00a0jeho p\u0159\u00edpad\u011b to vlastn\u011b zase tolik humorn\u00e1 pozn\u00e1mka nebyla.<br \/>\n<strong>\u201eMysl\u00edm, \u017ee v\u00a0t\u00e9hle situaci u\u017e bychom si asi mohli za\u010d\u00edt tykat,\u201c<\/strong> navrhla nakonec a plynule p\u0159e\u0161la k\u00a0rozd\u011blan\u00e9mu t\u00e9matu<strong>. \u201eCo t\u011b teda d\u011bs\u00ed?\u201c<\/strong> zeptala se.<br \/>\n<strong>\u201eNic o tob\u011b nev\u00edm,\u201c<\/strong> odpov\u011bd\u011bl stru\u010dn\u011b.<br \/>\n<strong>\u201eTak se ptej,\u201c<\/strong> pob\u00eddla ho.<br \/>\n<strong>\u201eTohle pikantn\u00ed t\u00e9ma bude ide\u00e1ln\u00ed k\u00a0ve\u010de\u0159i,\u201c<\/strong> ozn\u00e1mil a neobratn\u011b zastavil se sk\u0159\u00edp\u011bn\u00edm kola u restaurace. Chiara ned\u016fv\u011b\u0159iv\u011b slezla dol\u016f, narovnala se a pod\u00edvala se ke vchodov\u00fdm dve\u0159\u00edm, kde post\u00e1vali n\u011bjac\u00ed dva mu\u017ei v\u00a0elegantn\u00edch kalhot\u00e1ch a ko\u0161il\u00edch, kte\u0159\u00ed kou\u0159ili a evidentn\u011b \u010dekali na tax\u00edk. Frederico odstavil kolo u z\u00e1bradl\u00ed a vyrazil ke dve\u0159\u00edm, do kter\u00fdch ve\u0161el galantn\u011b jako prvn\u00ed.<\/p>\n<p>Chiara trochu ost\u00fdchav\u011b Frederica n\u00e1sledovala. Interi\u00e9r restaurace ji p\u0159ipomn\u011bl vesnick\u00fd domek jej\u00ed babi\u010dky. D\u0159ev\u011bn\u00e9 stoly na sob\u011b m\u011bly kostkovan\u00fd \u010dervenob\u00edl\u00fd ubrus, na zdech byly r\u016fzn\u00e9 obr\u00e1zky a u obrovsk\u00e9ho okna na konci velk\u00e9 m\u00edstnosti bylo d\u0159ev\u011bn\u00e9 rameno, na kter\u00e9m byly zav\u011b\u0161en\u00e9 cibule, \u010desnek a n\u011bjak\u00e9 bylinky.<br \/>\n<strong><em>\u201eCiao!\u201c<\/em> <\/strong>pozdravil star\u0161\u00edho Itala za barem.<br \/>\n<strong>\u201eFrederico!\u201c<\/strong> usm\u00e1l se mu\u017e s\u00a0kn\u00edrem a vyrazil za sv\u00fdm hostem, aby jej objal. Tv\u00e1\u0159il se, \u017ee mu nep\u0159ipad\u00e1 ani trochu divn\u00e9, \u017ee tentokr\u00e1t dorazil do jeho podniku v\u00a0kost\u00fdmu zombieho, nav\u00edc n\u00e1sledov\u00e1n padl\u00fdm and\u011blem.<br \/>\n<strong><em>\u201eCome stai? Come sta tuo padre?\u201c<\/em> <\/strong>zeptal se majitel restaurace na Frederica, ale tak\u00e9 na jeho otce.<br \/>\n<strong><em>\u201eTutto bene,\u201c<\/em> <\/strong>pok\u00fdval vysok\u00fd Ital. <strong>\u201eM\u00e1\u0161 je\u0161t\u011b otev\u0159enou kuchyni?\u201c<\/strong><br \/>\n<strong>\u201eU\u017e zrovna ukl\u00edz\u00edme n\u00e1dob\u00ed. Ale pro tebe bychom dv\u011b j\u00eddla je\u0161t\u011b stihli. Co bys cht\u011bl?\u201c<\/strong><br \/>\n<strong>\u201eP\u0159ines n\u00e1m jedny ravioli v\u00a0kr\u00e9mov\u00e9 om\u00e1\u010dce a jedny ravioli v\u00a0om\u00e1\u010dce ze su\u0161en\u00fdch raj\u010dat. M\u00e1\u0161 je\u0161t\u011b to v\u00edno, kter\u00e9 jsi m\u011bl minule?\u201c<\/strong><br \/>\n<strong>\u201eM\u00e1m ho schovan\u00e9 jenom pro ty nejlep\u0161\u00ed hosty, p\u0159inesu. B\u011b\u017ete si sednout,\u201c<\/strong> usm\u00e1l se a pokynul Chia\u0159e a Fredericovi, aby si vybrali jak\u00fdkoliv st\u016fl se jim l\u00edb\u00ed. Blond\u00fdnu si p\u0159itom nen\u00e1padn\u011b prohl\u00e9dl. Zd\u00e1la se mu pov\u011bdom\u00e1 a p\u0159em\u00fd\u0161lel, odkud ji zn\u00e1.<br \/>\n<strong>\u201eNikdy jsi tady nebyla?\u201c<\/strong> zeptal se Frederico zat\u00edmco pom\u00e1hal Chia\u0159e usednout na \u017eidli.<br \/>\n<strong>\u201eNe,\u201c<\/strong> zavrt\u011bla hlavou a rozhl\u00e9dla se.<br \/>\nItal u\u017e se chystal povypr\u00e1v\u011bt p\u0159\u00edb\u011bh o tom, jak tohle m\u00edsto bylo obl\u00edbenou restaurac\u00ed jeho rodiny, ale pak se zarazil. Necht\u011bl si a\u017e takhle rozmot\u00e1vat jazyk. Majitel restaurace p\u00e1ru p\u0159inesl sklenice a l\u00e1hev v\u00edna a vz\u00e1p\u011bt\u00ed zase zmizel.<\/p>\n<p><em><strong>\u201eGrazie,\u201c<\/strong><\/em> hlesl za n\u00edm Frederico a pod\u00edval se Chiaru: <strong>\u201eTak pov\u00eddej.\u201c<\/strong><br \/>\n<strong>\u201eCo p\u0159esn\u011b bys cht\u011bl sly\u0161et?\u201c<\/strong> zeptala se, zat\u00edmco elegantn\u011b vzala v\u00ednovou sklenici do ruky a napila se.<br \/>\n<strong>\u201eCokoliv,\u201c<\/strong> \u0159ekl <strong>\u201eT\u0159eba to, jak ses dozv\u011bd\u011bla o tom poh\u0159bu.\u201c<\/strong><br \/>\n<strong>\u201eJsou tyhle v\u011bci snad tajemstv\u00edm?\u201c<\/strong><br \/>\nFrederico nad odpov\u011bd\u00ed zavrt\u011bl hlavou.<br \/>\n<strong>\u201eJak se jmenovala tvoje<em> Nonna<\/em>?\u201c<\/strong> pokou\u0161el se ujistit, \u017ee holka, kter\u00e1 p\u0159ed n\u00edm sed\u00ed, nen\u00ed nastr\u010den\u00e1 loutka. Nebylo by to poprv\u00e9.<br \/>\n<strong>\u201eIsabelle Conti. Mo\u017en\u00e1 jsem to trochu p\u0159ehnala s t\u00edm ozna\u010den\u00edm nejlep\u0161\u00ed kamar\u00e1dky, ale bydlely ve stejn\u00e9 ulici. A <em>Nonna<\/em> mi o n\u00ed \u010dasto pov\u00eddala. Pamatuju si, \u017ee jsem s nimi jednou pekla cannoli. A ty tvoje babi\u010dka um\u011bla v\u00fdborn\u00e9,\u201c<\/strong> st\u0159elila Chiara naslepo, doufaj\u00edc, \u017ee cukrovinky Fredericovy babi\u010dky nebyly snad \u00fapln\u011b nejedl\u00e9. Ital na jej\u00ed slova jenom lehce k\u00fdvl, z \u010deho\u017e nebyla schopna nic usoudit.<br \/>\n<strong>\u201eKde jsi studovala?\u201c<\/strong><br \/>\n<strong>\u201eV\u00a0Mil\u00e1n\u011b, ale moc dlouho m\u011b to tam nebavilo,\u201c<\/strong> p\u0159iznala. Dva roky ve m\u011bst\u011b m\u00f3dy byly nejhor\u0161\u00edm obdob\u00edm jej\u00edho \u017eivot\u011b. Jedin\u00e9, co dok\u00e1zala v\u00a0Mil\u00e1n\u011b ocenit, byl dobr\u00fd Aperol a levn\u00e9 letenky dom\u016f.<br \/>\n<strong>\u201eCo jsi tam studovala?\u201c<\/strong> zaj\u00edmal se.<br \/>\n<strong>\u201ePr\u00e1vo,\u201c<\/strong> odpov\u011bd\u011bla stroze. Necht\u011bla \u0159\u00edkat v\u00edc, ne\u017e bude nutn\u00e9 a z\u00e1rove\u0148 si cht\u011bla nechat prostor na man\u00e9vrov\u00e1n\u00ed.<br \/>\n<strong>\u201eRodi\u010d\u016fm nevadilo, \u017ee jsi toho nechala?\u201c<\/strong> ptal se Frederico, kter\u00e9mu za\u010dal vibrovat telefon polo\u017een\u00fd na stole. Pohledem zkontroloval, a stejn\u011b tak to ud\u011blala nen\u00e1padn\u011b i Chiara, \u017ee se mu sna\u017e\u00ed dovolat Luna.<br \/>\n<strong>\u201eV\u011bd\u011bli, \u017ee pr\u00e1vni\u010dka ze m\u011b nikdy nebude,\u201c<\/strong> p\u0159iznala a napila se ze sklenice v\u00edna s\u00a0v\u00fdrazem, \u017ee ji hovor to absolutn\u011b nezaj\u00edm\u00e1. Ital ho mezit\u00edm stihl vyt\u00edpnout.<br \/>\n<strong>\u201eA ty? Studoval jsi n\u011bco?\u201c<\/strong><br \/>\n<strong>\u201eMezin\u00e1rodn\u00ed vztahy,\u201c<\/strong> odpov\u011bd\u011bl.<br \/>\n<strong>\u201eP\u0159edpokl\u00e1d\u00e1m, \u017ee z\u00a0tebe cht\u011bl m\u00edt t\u00e1ta vlivn\u00e9ho politika,\u201c<\/strong> utrousila Chiara sarkasticky a ani se p\u0159i tom nesna\u017eila b\u00fdt ve sv\u00e9 roli. Situace s\u00a0hovorem se mezit\u00edm opakovala. I tentokr\u00e1t m\u011bla stejn\u00fd konec.<br \/>\n<strong>\u201ePro\u010d mysl\u00ed\u0161?\u201c<\/strong><br \/>\n<strong>\u201eV\u00edm, kdo proti mn\u011b sed\u00ed,\u201c<\/strong> \u0159ekla s\u00a0ledov\u00fdm klidem. Kdy\u017e ji do\u0161lo, jak r\u00e1zn\u011b jej\u00ed slova zn\u00ed, lehce se usm\u00e1la s\u00a0v\u00edrou, \u017ee to pom\u016f\u017ee.<br \/>\n<strong>\u201eA kdo?\u201c<\/strong> pousm\u00e1l se Frederico, kter\u00e9mu se znovu sna\u017eila Luna dovolat. Ztratil nervy, mobil si rovnou vypnul a zvedl hlavu zp\u00e1tky k\u00a0Ameri\u010dance. Svou zv\u011bdavost nad odpov\u011bd\u00ed Chiary nemusel ani trochu hr\u00e1t.<br \/>\n<strong>\u201eNehled\u00e1 t\u011b n\u011bkdo?\u201c<\/strong> zeptala se s\u00a0pobaven\u00fdm v\u00fdrazem.<br \/>\n<strong>\u201eJo, jsem ve m\u011bst\u011b docela \u017e\u00e1dan\u00e1 pers\u00f3na,\u201c<\/strong> p\u0159evr\u00e1til svou na\u0161tvanost do vtipu.<br \/>\n<strong>\u201eMo\u017en\u00e1 by tv\u00e9 p\u0159\u00edtelkyni vadilo, \u017ee jsi z\u00a0v\u00fdborn\u00e9 halloweensk\u00e9 p\u00e1rty ode\u0161el d\u011blat v\u00fdslech.\u201c<\/strong><br \/>\nFrederico se pousm\u00e1l a odkryl t\u00edm sv\u00e9 rovn\u00e9 b\u00edl\u00e9 zuby. Pod\u00edval se na ubrus stolu, po kter\u00e9m lehce p\u0159ejel ukazov\u00e1\u010dkem a pak zvedl pohled zp\u00e1tky na Chiaru.<br \/>\n<strong>\u201eNen\u00ed to moje p\u0159\u00edtelkyn\u011b. Jestli mluv\u00ed\u0161 o t\u00e9 sle\u010dn\u011b, kter\u00e1 se mnou byla na poh\u0159bu,\u201c<\/strong> vysv\u011btlil.<br \/>\n<strong>\u201eA pokud mluv\u00edm o n\u011bjak\u00e9 jin\u00e9 sle\u010dn\u011b?\u201c<\/strong><br \/>\n<strong>\u201eTak ta taky nen\u00ed moje p\u0159\u00edtelkyn\u011b,\u201c<\/strong> vysv\u011btlil. <strong>\u201eNem\u00e1m p\u0159\u00edtelkyni. Zat\u00edm. Ale neut\u00edkej od t\u00e9matu,\u201c<\/strong> vr\u00e1til Chiaru zp\u00e1tky. Usm\u00e1la se a po chv\u00edli ticha, b\u011bhem kter\u00e9ho p\u0159em\u00fd\u0161lela nad t\u00edm, kde vlastn\u011b skon\u010dili, nav\u00e1zala na konverzaci, do kter\u00e9 jim navzdory sv\u00e9 nep\u0159\u00edtomnosti p\u0159edt\u00edm sko\u010dila Luna.<br \/>\n<strong>\u201eTv\u00e9ho t\u00e1tu zn\u00e1 ve m\u011bst\u011b ka\u017ed\u00fd. Nav\u00edc\u2026 p\u016flku toho m\u011bsta ovl\u00e1d\u00e1. Druh\u00e1 polovina ho nesn\u00e1\u0161\u00ed,\u201c<\/strong> odpov\u011bd\u011bla blond\u00fdna.<br \/>\nFrederico se perifern\u011b pod\u00edval ke vchodu a pak zp\u00e1tky na Chiaru.<br \/>\n<strong>\u201eV tom p\u0159\u00edpad\u011b mus\u00ed\u0161 b\u00fdt v\u00a0jedn\u00e9 z\u00a0t\u011bch dvou polovin.\u201c<\/strong><br \/>\nChiara se mu beze slov zahled\u011bla do o\u010d\u00ed a p\u0159em\u00fd\u0161lela, jak odpov\u011bd\u011bt. Ve sv\u00e9 podstat\u011b ji ten \u010dlov\u011bk a jeho rodina vlastn\u011b absolutn\u011b nezaj\u00edmali\u2026 Nakonec se rozhodla, \u017ee nejlep\u0161\u00ed bude ml\u010det. Pokud to bude jen trochu mo\u017en\u00e9.<br \/>\n<strong>\u201eTak? Ve kter\u00e9 z\u00a0nich jsi?\u201c<\/strong> dot\u00edral.<br \/>\n<strong>\u201eTo uvid\u00edm po dne\u0161n\u00edm ve\u010deru,\u201c<\/strong> odpov\u011bd\u011bla la\u0161kovn\u011b, \u010d\u00edm\u017e p\u0159im\u011bla Itala k\u00a0\u00fasm\u011bvu.<br \/>\n<strong>\u201e<em>Bene<\/em>. Tak mi \u0159ekni, co d\u011bl\u00e1 tv\u00e1 rodina. T\u0159eba se dozv\u00edm, pro\u010d jsi tak posedl\u00e1 t\u00edm, co d\u011bl\u00e1 ta moje,\u201c<\/strong> v\u011bt\u0159il Frederico.<br \/>\n<strong>\u201eNejsem t\u00edm posedl\u00e1. Je mi jedno co d\u011bl\u00e1. Dokud se m\u011b to net\u00fdk\u00e1,\u201c<\/strong> pronesla Chiara.<br \/>\n<strong>\u201eA t\u00fdkalo se t\u011b to n\u011bkdy?\u201c<\/strong> zkou\u0161el po\u0159\u00e1d nadhazovat ot\u00e1zky, kter\u00fdmi by se o sv\u00e9 spole\u010dnosti pro dne\u0161n\u00ed ve\u010der mohl n\u011bco dozv\u011bd\u011bt. Chia\u0159e p\u0159eb\u011bhl po z\u00e1dech mr\u00e1z. <em>Ani nev\u00ed\u0161, jak moc<\/em>, napadlo ji.<br \/>\n<strong>\u201eDob\u0159e, konkr\u00e9tn\u00ed ot\u00e1zky mi asi ned\u00e1\u0161. Jmenuju se Chiara, moje rodina m\u00e1 firmu s\u00a0italsk\u00fdmi produkty, kter\u00e9 exportuje do Ameriky. Studovala jsem v\u00a0Mil\u00e1n\u011b, kde jsem mezi lidmi s\u00a0t\u00edm \u0161\u00edlen\u00fdm akcentem vydr\u017eela dva roky. V\u00edc u\u017e jsem nezvl\u00e1dala. Vynechala jsem n\u011bco, co t\u011b zaj\u00edm\u00e1?\u201c<\/strong><br \/>\n<strong>\u201eCo d\u011bl\u00e1\u0161 te\u010f?\u201c<\/strong> zaj\u00edmal se Frederico, zat\u00edmco jim \u010d\u00ed\u0161n\u00edk p\u0159inesl j\u00eddlo. Chiara takticky po\u010dkala a mezit\u00edm ji v\u00a0hlav\u011b jela odpov\u011b\u010f, kterou by mu te\u010f dala \u00fapln\u011b nejrad\u0161i: <em>Sna\u017e\u00edm se zachr\u00e1nit rodin\u011b zadek t\u00edm, \u017ee t\u011b zmanipuluju.<\/em><br \/>\n<strong>\u201eDohromady nic moc. Moje teta m\u00e1 advok\u00e1tn\u00ed kancel\u00e1\u0159 v\u00a0Palermu, ob\u010das pro ni d\u011bl\u00e1m n\u011bjak\u00e9 pap\u00edrovan\u00ed,\u201c<\/strong> \u0159ekla polovi\u010dn\u00ed pravdu.<br \/>\nItal pok\u00fdval hlavou a vzal do ruky p\u0159\u00edbor. Chiara se pousm\u00e1la.<br \/>\n<strong><em>\u201eBuon gusto,\u201c<\/em> <\/strong>\u0159ekla a pustila se do j\u00eddla.<br \/>\n<strong><em>\u201eBuon gusto,\u201c<\/em><\/strong> odpov\u011bd\u011bl Frederico.<br \/>\n* * *<\/p>\n<p>Chiara za sebou ti\u0161e zabouchla mohutn\u00e9 vchodov\u00e9 dve\u0159e a rozhl\u00e9dla se po temn\u00e9 chodb\u011b. Vypozorovala, \u017ee na konci se zpoza \u0161kv\u00edrky pode dve\u0159mi line sv\u011btlo z\u00a0t\u00e1tovy pracovny. Neo\u010dek\u00e1vala, \u017ee by v\u00a0jednu r\u00e1no byl Antonio je\u0161t\u011b vzh\u016fru. Vyzula si lodi\u010dky, aby ned\u011blala takov\u00fd hluk jehlov\u00fdmi podpatky a pomal\u00fdm krokem zam\u00ed\u0159ila do m\u00edstnosti. Podle o\u010dek\u00e1v\u00e1n\u00ed po otev\u0159en\u00ed dve\u0159\u00ed na\u0161la za stolem sed\u011bt Eliu.<br \/>\n<strong>\u201eDouf\u00e1m, \u017ee nese\u0161 dobr\u00e9 zpr\u00e1vy,\u201c<\/strong> zabrblal, ani\u017e by se ujistil, \u017ee do pracovny opravdu dorazila jeho sestra.<br \/>\n<strong>\u201eAni dobr\u00e9, ani \u0161patn\u00e9. Chce to trochu \u010dasu,\u201c<\/strong> \u0159ekla unaven\u011b a posadila se do k\u0159esla kousek od pracovn\u00edho stolu.<br \/>\n<strong>\u201eNo, tak toho u\u017e moc nem\u00e1me. Pokud ty prachy nebudeme m\u00edt do m\u011bs\u00edce, pak se teprve za\u010dnou d\u00edt v\u011bci.\u201c<\/strong><br \/>\n<strong>\u201eCo v\u0161echno ten Rivera d\u011bl\u00e1 ve voln\u00e9m \u010dase?\u201c<\/strong><br \/>\n<strong>\u201eVysed\u00e1v\u00e1 v\u00a0baru u pl\u00e1\u017ee a chod\u00ed na fotbal. Typick\u00fd Ital,\u201c<\/strong> utrousil sarkasticky Elia.<br \/>\n<strong>\u201eJ\u00e1 pot\u0159ebuju n\u011bjakou dobrou z\u00e1minku ho znova potkat. Tohle mi asi moc sta\u010dit nebude.\u201c<\/strong><br \/>\nTmavovl\u00e1sek poprv\u00e9 zvedl pohled od pap\u00edr\u016f, kter\u00fdmi se dote\u010f prob\u00edral a povzdychl si.<br \/>\n<strong>\u201ePou\u017eij sv\u016fj \u0161arm a u\u0161et\u0159i si pr\u00e1ci. Holky jako ty se ani nemus\u00ed moc sna\u017eit, a mu\u017ei si je vyhledaj\u00ed sami.\u201c<\/strong><br \/>\nChiara pobaven\u011b zavrt\u011bla hlavou.<br \/>\n<strong>\u201eOn? V\u00ed\u0161 kolik se kolem n\u011bj mot\u00e1 sukn\u00ed?\u201c<\/strong><br \/>\nElia nevzru\u0161en\u011b p\u0159ik\u00fdvl: <strong>\u201eTo v\u00edm dokonce l\u00edp ne\u017e ty. A?\u201c<\/strong><br \/>\n<strong>\u201ePro\u010d bude dol\u00e9zat za n\u011bjakou random \u017eenskou, kdy\u017e m\u016f\u017ee m\u00edt plnou postel holek? A ka\u017ed\u00fd den jin\u00fdch. Kdy ty jsi naposledy dol\u00e9zal za n\u011bjakou sukn\u00ed?\u201c<\/strong><br \/>\nDe Ricci se na chv\u00edli zamyslel.<br \/>\n<strong>\u201eNevzpom\u00edn\u00e1m si.\u201c<\/strong><br \/>\n<strong>\u201eProto\u017ee se to ned\u011bje. Pot\u0159ebuju se s\u00a0n\u00edm potkat tak, a\u0165 to vypad\u00e1, \u017ee on je ten, kter\u00fd m\u011b na\u0161el.\u201c<\/strong><br \/>\n<strong>\u201eJsem snad jedin\u00fd, kdo m\u00e1 v\u00a0tomhle m\u011bst\u011b n\u011bjak\u00e9 kontakty? Je zaj\u00edmav\u00e9, \u017ee kdy\u017e jsem ve \u0161kole kou\u0159il s\u00a0k\u00e1mo\u0161ema za gar\u00e1\u017e\u00ed, v\u011bd\u011bla jsi p\u0159esn\u011b kam rodi\u010de poslat m\u011b hledat,\u201c<\/strong> p\u0159i\u010daroval si Elia my\u0161lenku na nikotin a nat\u00e1hl se pro krabi\u010dku cigaret.<\/p>\n","protected":false},"excerpt":{"rendered":"<p>Frederico s\u00a0Marcem sed\u011bli v pracovn\u011b, kter\u00e1 byla vybavena t\u011b\u017ek\u00fdmi ko\u017een\u00fdmi k\u0159esly, velkou seda\u010dkou a mohutn\u00fdm d\u0159ev\u011bn\u00fdm n\u00e1bytkem. \u201ePen\u00edze dorazily v\u0161echny. Jedin\u00fd, kdo nezaplatil, je chud\u00e1\u010dek Andrea. Ten bordel mu bu\u010f nevyn\u00e1\u0161\u00ed, nebo zapom\u00edn\u00e1 na svoje z\u00e1vazky,\u201c ozn\u00e1mil Marco pot\u00e9, co zav\u0159el posledn\u00ed \u0161anon, kter\u00fd m\u011bl zkontrolovat. \u201eTak tam n\u011bkoho po\u0161li. Ide\u00e1ln\u011b je\u0161t\u011b dneska,\u201c na\u0159\u00eddil Frederico &hellip; <a href=\"http:\/\/www.ironicka-blondyna.cz\/index.php\/2024\/08\/04\/catanzaro-ii-kapitola-v-prestrojni\/\" class=\"more-link\">Continue reading <span class=\"screen-reader-text\">CATANZARO \u2013 II. kapitola \u2013 V p\u0159estrojen\u00ed<\/span><\/a><\/p>\n","protected":false},"author":1,"featured_media":1498,"comment_status":"open","ping_status":"open","sticky":false,"template":"","format":"standard","meta":{"jetpack_post_was_ever_published":false,"_jetpack_newsletter_access":"","_jetpack_dont_email_post_to_subs":false,"_jetpack_newsletter_tier_id":0,"_jetpack_memberships_contains_paywalled_content":false,"_jetpack_memberships_contains_paid_content":false,"footnotes":"","jetpack_publicize_message":"","jetpack_publicize_feature_enabled":true,"jetpack_social_post_already_shared":true,"jetpack_social_options":{"image_generator_settings":{"template":"highway","default_image_id":0,"font":"","enabled":false},"version":2}},"categories":[1],"tags":[],"class_list":["post-1504","post","type-post","status-publish","format-standard","has-post-thumbnail","hentry","category-uncategorized"],"jetpack_publicize_connections":[],"jetpack_featured_media_url":"https:\/\/i0.wp.com\/www.ironicka-blondyna.cz\/wp-content\/uploads\/2024\/07\/catanzaro.jpg?fit=656%2C300","jetpack_sharing_enabled":true,"jetpack_shortlink":"https:\/\/wp.me\/pa81Mi-og","jetpack-related-posts":[],"_links":{"self":[{"href":"http:\/\/www.ironicka-blondyna.cz\/index.php\/wp-json\/wp\/v2\/posts\/1504","targetHints":{"allow":["GET"]}}],"collection":[{"href":"http:\/\/www.ironicka-blondyna.cz\/index.php\/wp-json\/wp\/v2\/posts"}],"about":[{"href":"http:\/\/www.ironicka-blondyna.cz\/index.php\/wp-json\/wp\/v2\/types\/post"}],"author":[{"embeddable":true,"href":"http:\/\/www.ironicka-blondyna.cz\/index.php\/wp-json\/wp\/v2\/users\/1"}],"replies":[{"embeddable":true,"href":"http:\/\/www.ironicka-blondyna.cz\/index.php\/wp-json\/wp\/v2\/comments?post=1504"}],"version-history":[{"count":3,"href":"http:\/\/www.ironicka-blondyna.cz\/index.php\/wp-json\/wp\/v2\/posts\/1504\/revisions"}],"predecessor-version":[{"id":1507,"href":"http:\/\/www.ironicka-blondyna.cz\/index.php\/wp-json\/wp\/v2\/posts\/1504\/revisions\/1507"}],"wp:featuredmedia":[{"embeddable":true,"href":"http:\/\/www.ironicka-blondyna.cz\/index.php\/wp-json\/wp\/v2\/media\/1498"}],"wp:attachment":[{"href":"http:\/\/www.ironicka-blondyna.cz\/index.php\/wp-json\/wp\/v2\/media?parent=1504"}],"wp:term":[{"taxonomy":"category","embeddable":true,"href":"http:\/\/www.ironicka-blondyna.cz\/index.php\/wp-json\/wp\/v2\/categories?post=1504"},{"taxonomy":"post_tag","embeddable":true,"href":"http:\/\/www.ironicka-blondyna.cz\/index.php\/wp-json\/wp\/v2\/tags?post=1504"}],"curies":[{"name":"wp","href":"https:\/\/api.w.org\/{rel}","templated":true}]}}