{"id":143,"date":"2018-07-27T18:16:27","date_gmt":"2018-07-27T18:16:27","guid":{"rendered":"http:\/\/www.ironicka-blondyna.cz\/?p=143"},"modified":"2018-07-27T18:16:27","modified_gmt":"2018-07-27T18:16:27","slug":"zakaz-porna-a-koordinovane-ucesy-8-nejzajimavejsich-faktu-o-kldr","status":"publish","type":"post","link":"http:\/\/www.ironicka-blondyna.cz\/index.php\/2018\/07\/27\/zakaz-porna-a-koordinovane-ucesy-8-nejzajimavejsich-faktu-o-kldr\/","title":{"rendered":"Z\u00c1KAZ PORNA A KOORDINOVAN\u00c9 \u00da\u010cESY: 8 NEJZAJ\u00cdMAV\u011aJ\u0160\u00cdCH FAKT\u016e O KLDR"},"content":{"rendered":"<p>Zat\u00edmco FACEBOOK je b\u011bhem voleb pln\u00fd dohad\u016f o tom, komu sv\u016fj hlas hodit, nep\u0159ijde mi na \u0161kodu si p\u0159ipomenout, pro\u010d bychom m\u011bli b\u00fdt vd\u011b\u010dn\u00ed za to, \u017ee \u017eijeme v demokratick\u00e9 zemi. A t\u00edm mysl\u00edm skute\u010dn\u011b demokratick\u00e9. Na referendum si sice s tuzemskou mentalitou rad\u011bji netrouf\u00e1m, ale i tak je to relativn\u011b v pohod\u011b. Takov\u00e1 Severn\u00ed Korea je d\u016fkazem, \u017ee br\u00e1t za samoz\u0159ejmost nap\u0159\u00edklad volbu \u00fa\u010desu, je naprosto zcestn\u00e9.<\/p>\n<p><img data-recalc-dims=\"1\" loading=\"lazy\" decoding=\"async\" data-attachment-id=\"144\" data-permalink=\"http:\/\/www.ironicka-blondyna.cz\/index.php\/2018\/07\/27\/zakaz-porna-a-koordinovane-ucesy-8-nejzajimavejsich-faktu-o-kldr\/travel-to-north-korea\/\" data-orig-file=\"https:\/\/i0.wp.com\/www.ironicka-blondyna.cz\/wp-content\/uploads\/2018\/07\/Travel-to-North-Korea.jpg?fit=563%2C328\" data-orig-size=\"563,328\" data-comments-opened=\"1\" data-image-meta=\"{&quot;aperture&quot;:&quot;4&quot;,&quot;credit&quot;:&quot;&quot;,&quot;camera&quot;:&quot;DMC-ZS20&quot;,&quot;caption&quot;:&quot;&quot;,&quot;created_timestamp&quot;:&quot;1376617834&quot;,&quot;copyright&quot;:&quot;&quot;,&quot;focal_length&quot;:&quot;5.4&quot;,&quot;iso&quot;:&quot;100&quot;,&quot;shutter_speed&quot;:&quot;0.000769230769231&quot;,&quot;title&quot;:&quot;&quot;,&quot;orientation&quot;:&quot;1&quot;}\" data-image-title=\"Travel-to-North-Korea\" data-image-description=\"\" data-image-caption=\"\" data-medium-file=\"https:\/\/i0.wp.com\/www.ironicka-blondyna.cz\/wp-content\/uploads\/2018\/07\/Travel-to-North-Korea.jpg?fit=300%2C175\" data-large-file=\"https:\/\/i0.wp.com\/www.ironicka-blondyna.cz\/wp-content\/uploads\/2018\/07\/Travel-to-North-Korea.jpg?fit=563%2C328\" class=\"wp-image-144 size-full aligncenter\" src=\"https:\/\/i0.wp.com\/www.ironicka-blondyna.cz\/wp-content\/uploads\/2018\/07\/Travel-to-North-Korea.jpg?resize=563%2C328\" alt=\"\" width=\"563\" height=\"328\" srcset=\"https:\/\/i0.wp.com\/www.ironicka-blondyna.cz\/wp-content\/uploads\/2018\/07\/Travel-to-North-Korea.jpg?w=563 563w, https:\/\/i0.wp.com\/www.ironicka-blondyna.cz\/wp-content\/uploads\/2018\/07\/Travel-to-North-Korea.jpg?resize=300%2C175 300w\" sizes=\"auto, (max-width: 563px) 100vw, 563px\" \/><\/p>\n<ul>\n<li>V KLDR m\u016f\u017eete tak\u00e9\u00a0<b>volit<\/b>. Pozitivn\u00ed je, \u017ee tamn\u00ed re\u017eim nep\u0159ipust\u00ed, aby se lid\u00e9, stejn\u011b jako v \u010cesku, dohadovali na soci\u00e1ln\u00edch s\u00edt\u00edch o tom, kter\u00e1 volba je spr\u00e1vn\u00e1. Tamn\u00ed obyvatel\u00e9 maj\u00ed sotva internet, no a na\u00a0<b>v\u00fdb\u011br maj\u00ed jen z jednoho kandid\u00e1ta<\/b>.<\/li>\n<li>\u017dijeme v roce 2018, proto\u017ee p\u0159esn\u011b tolik let je to od narozen\u00ed Krista. V KLDR ale pr\u00e1v\u011b\u00a0<b>prob\u00edh\u00e1 teprve rok 106<\/b>. Pr\u00e1v\u011b tolik let toti\u017e ub\u011bhlo od narozen\u00ed Kim Ir-Sena.<\/li>\n<li>Pokud jste obyvatelem Severn\u00ed Korei a chcete nosit m\u00f3dn\u00ed \u00fa\u010des, nen\u00ed s t\u00edm probl\u00e9m. M\u016f\u017eete si vybrat z\u00a0<b>28 schv\u00e1len\u00fdch verz\u00ed<\/b>.<\/li>\n<li>Ale nic se nem\u00e1 p\u0159eh\u00e1n\u011bt. T\u0159eba\u00a0<b>rifle<\/b>\u00a0se v KLDR nosit nemohou.<\/li>\n<li>Zab\u00edt volnou chvilku m\u016f\u017ee tamn\u00ed lid nap\u0159\u00edklad sledov\u00e1n\u00edm televize. Ze\u00a0<b>t\u0159ech kan\u00e1l\u016f<\/b>\u00a0jedou dva p\u0159es v\u00edkend a jeden v\u017edy na ve\u010der.<\/li>\n<li>Nemus\u00edte ud\u011blat nic drastick\u00e9ho, aby v\u00e1m hrozil\u00a0<b>trest smrti<\/b>. Konkr\u00e9tn\u011b sta\u010d\u00ed, kdy\u017e doma budete m\u00edt Bibli, kouknete na jihokorejsk\u00fd film, nebo dokonce na porno. To by n\u00e1m ty \u0159ady v \u010cesku rychle pro\u0159\u00eddly.<\/li>\n<li>Jakkoliv se n\u00e1m kandid\u00e1ti na prezidenta mohou zd\u00e1t dokonal\u00ed, na\u00a0<b>Kim \u010cong-Ila<\/b>\u00a0rozhodn\u011b nemaj\u00ed. Zesnul\u00fd v\u016fdce se toti\u017e podle sv\u00e9ho \u017eivotopisu \u00fadajn\u011b nau\u010dil chodit ji\u017e ve sv\u00fdch t\u0159ech t\u00fddnech. Jeho syn\u00a0<b>Kim \u010cong-Un<\/b>\u00a0ale \u0161ikovnost pod\u011bdil a u\u010ditel\u00e9 museli ned\u00e1vno za\u010d\u00edt vtloukat d\u011btem ve \u0161kole do hlavy, \u017ee sou\u010dasn\u00e1 hlava st\u00e1tu u\u017e ve t\u0159ech letech um\u011bla \u0159\u00eddit auto. Ne, \u017ee by tomu sami v\u011b\u0159ili.<\/li>\n<\/ul>\n<div>\n<p>A na z\u00e1v\u011br jedna v\u011bc, kter\u00e1 spoustu z v\u00e1s mo\u017en\u00e1 zasko\u010d\u00ed &#8211;\u00a0<b>marihuana<\/b>\u00a0je v KLDR leg\u00e1ln\u00ed. Koupit si ji m\u016f\u017eete nap\u0159\u00edklad na trhu.<\/p>\n<\/div>\n<div>\n<p class=\"separator\" data-blogger-escaped-style=\"clear: both; text-align: center;\">Zaj\u00edmavost\u00ed tak\u00e9 je, \u017ee a\u010dkoliv Severn\u00ed Korea p\u016fsob\u00ed jako velmi uzav\u0159en\u00e1 zem\u011b, i tuzemsk\u00e9 cestovky tam nab\u00edz\u00ed z\u00e1jezd. Pokud v\u00e1s takov\u00fd pozn\u00e1vac\u00ed v\u00fdlet l\u00e1k\u00e1, nachystejte si kolem 75 tis\u00edc korun a zapome\u0148te na to, \u017ee byste mohli m\u00edstn\u00ed fotit nebo si s nimi povypr\u00e1v\u011bt. Kv\u016fli tomu, aby nem\u011bli z debaty s v\u00e1mi nem\u011bli probl\u00e9my toti\u017e dost pravd\u011bpodobn\u011b ute\u010dou.<\/p>\n<\/div>\n","protected":false},"excerpt":{"rendered":"<p>Zat\u00edmco FACEBOOK je b\u011bhem voleb pln\u00fd dohad\u016f o tom, komu sv\u016fj hlas hodit, nep\u0159ijde mi na \u0161kodu si p\u0159ipomenout, pro\u010d bychom m\u011bli b\u00fdt vd\u011b\u010dn\u00ed za to, \u017ee \u017eijeme v demokratick\u00e9 zemi. A t\u00edm mysl\u00edm skute\u010dn\u011b demokratick\u00e9. Na referendum si sice s tuzemskou mentalitou rad\u011bji netrouf\u00e1m, ale i tak je to relativn\u011b v pohod\u011b. Takov\u00e1 Severn\u00ed &hellip; <a href=\"http:\/\/www.ironicka-blondyna.cz\/index.php\/2018\/07\/27\/zakaz-porna-a-koordinovane-ucesy-8-nejzajimavejsich-faktu-o-kldr\/\" class=\"more-link\">Continue reading <span class=\"screen-reader-text\">Z\u00c1KAZ PORNA A KOORDINOVAN\u00c9 \u00da\u010cESY: 8 NEJZAJ\u00cdMAV\u011aJ\u0160\u00cdCH FAKT\u016e O KLDR<\/span><\/a><\/p>\n","protected":false},"author":1,"featured_media":144,"comment_status":"open","ping_status":"open","sticky":false,"template":"","format":"standard","meta":{"jetpack_post_was_ever_published":false,"_jetpack_newsletter_access":"","_jetpack_dont_email_post_to_subs":false,"_jetpack_newsletter_tier_id":0,"_jetpack_memberships_contains_paywalled_content":false,"_jetpack_memberships_contains_paid_content":false,"footnotes":"","jetpack_publicize_message":"","jetpack_publicize_feature_enabled":true,"jetpack_social_post_already_shared":false,"jetpack_social_options":{"image_generator_settings":{"template":"highway","default_image_id":0,"font":"","enabled":false},"version":2}},"categories":[1],"tags":[],"class_list":["post-143","post","type-post","status-publish","format-standard","has-post-thumbnail","hentry","category-uncategorized"],"jetpack_publicize_connections":[],"jetpack_featured_media_url":"https:\/\/i0.wp.com\/www.ironicka-blondyna.cz\/wp-content\/uploads\/2018\/07\/Travel-to-North-Korea.jpg?fit=563%2C328","jetpack_sharing_enabled":true,"jetpack_shortlink":"https:\/\/wp.me\/pa81Mi-2j","jetpack-related-posts":[],"_links":{"self":[{"href":"http:\/\/www.ironicka-blondyna.cz\/index.php\/wp-json\/wp\/v2\/posts\/143","targetHints":{"allow":["GET"]}}],"collection":[{"href":"http:\/\/www.ironicka-blondyna.cz\/index.php\/wp-json\/wp\/v2\/posts"}],"about":[{"href":"http:\/\/www.ironicka-blondyna.cz\/index.php\/wp-json\/wp\/v2\/types\/post"}],"author":[{"embeddable":true,"href":"http:\/\/www.ironicka-blondyna.cz\/index.php\/wp-json\/wp\/v2\/users\/1"}],"replies":[{"embeddable":true,"href":"http:\/\/www.ironicka-blondyna.cz\/index.php\/wp-json\/wp\/v2\/comments?post=143"}],"version-history":[{"count":1,"href":"http:\/\/www.ironicka-blondyna.cz\/index.php\/wp-json\/wp\/v2\/posts\/143\/revisions"}],"predecessor-version":[{"id":145,"href":"http:\/\/www.ironicka-blondyna.cz\/index.php\/wp-json\/wp\/v2\/posts\/143\/revisions\/145"}],"wp:featuredmedia":[{"embeddable":true,"href":"http:\/\/www.ironicka-blondyna.cz\/index.php\/wp-json\/wp\/v2\/media\/144"}],"wp:attachment":[{"href":"http:\/\/www.ironicka-blondyna.cz\/index.php\/wp-json\/wp\/v2\/media?parent=143"}],"wp:term":[{"taxonomy":"category","embeddable":true,"href":"http:\/\/www.ironicka-blondyna.cz\/index.php\/wp-json\/wp\/v2\/categories?post=143"},{"taxonomy":"post_tag","embeddable":true,"href":"http:\/\/www.ironicka-blondyna.cz\/index.php\/wp-json\/wp\/v2\/tags?post=143"}],"curies":[{"name":"wp","href":"https:\/\/api.w.org\/{rel}","templated":true}]}}