{"id":1237,"date":"2022-09-27T18:50:52","date_gmt":"2022-09-27T18:50:52","guid":{"rendered":"http:\/\/www.ironicka-blondyna.cz\/?p=1237"},"modified":"2022-12-26T10:37:07","modified_gmt":"2022-12-26T10:37:07","slug":"na-pamatku-memu-psimu-kamaradovi-a-vysvetleni-proc-je-normalni-odchod-mazlicka-oplakat","status":"publish","type":"post","link":"http:\/\/www.ironicka-blondyna.cz\/index.php\/2022\/09\/27\/na-pamatku-memu-psimu-kamaradovi-a-vysvetleni-proc-je-normalni-odchod-mazlicka-oplakat\/","title":{"rendered":"Na pam\u00e1tku m\u00e9mu ps\u00edmu kamar\u00e1dovi. A vysv\u011btlen\u00ed, pro\u010d je norm\u00e1ln\u00ed odchod mazl\u00ed\u010dka oplakat&#8230;"},"content":{"rendered":"<p>Mo\u017en\u00e1 jste te\u010f taky v situaci, kdy jste ztratili sv\u00e9ho par\u0165\u00e1ka a m\u00e1te v srdci pr\u00e1zdno. Dost p\u0159esn\u011b v\u00edm, jak se c\u00edt\u00edte. N\u00e1sleduj\u00edc\u00ed \u0159\u00e1dky jsem sepsala nejen proto\u017ee mi odjak\u017eiva pomohlo se v\u017edy ze sv\u00fdch pocit\u016f vypsat, ale tak\u00e9 aby lid\u00e9, kte\u0159\u00ed proch\u00e1z\u00ed podobn\u00fdm smutkem, v\u011bd\u011bli, \u017ee v tom rozhodn\u011b nejsou sami a je naprosto v po\u0159\u00e1dku, \u017ee tuhle ztr\u00e1tu vn\u00edmaj\u00ed jako zdrcuj\u00edc\u00ed. A tak\u00e9 bych se cht\u011bla pod\u011blit o to, co mou bolest dok\u00e1zalo tlumit.<!--more--><\/p>\n<p>Byl tady se mnou od m\u00fdch dev\u00edti let. Tehdy ho jako mal\u00e9 \u0161t\u011bn\u011b n\u011bkdo vyhodil do kontejneru na odpadky a doufal, \u017ee t\u00edm jeho starosti o mal\u00e9 ps\u00ed mimino kon\u010d\u00ed. D\u00edky bohu ho lid\u00e9 v\u010das na\u0161li a proto\u017ee vid\u011bli, jak state\u010dn\u011b se pere o sv\u016fj \u017eivot, pojmenovali ho Mondo. V Ital\u0161tin\u011b to znamen\u00e1 sv\u011bt. A jeho jm\u00e9no nikdy nemohlo b\u00fdt v\u00fdsti\u017en\u011bj\u0161\u00ed.<\/p>\n<p>Shodou n\u011bkolika okolnost\u00ed se klikatou cestou dostal mal\u00fd k\u0159\u00ed\u017eenec jezev\u010d\u00edka a pra\u017esk\u00e9ho krysa\u0159\u00edka a\u017e k n\u00e1m dom\u016f, kde p\u0159es 12 let tvo\u0159il nerozlu\u010dnou dvojici s labradorem.<\/p>\n<p>Ten p\u0159ed n\u011bkolika lety ode\u0161el do ps\u00edho nebe a my se tak rozhodli pr\u00e1zdn\u00e9 m\u00edsto navzdory bolesti nab\u00eddnout jin\u00e9mu pejskovi, kter\u00fd pot\u0159eboval domov. Kv\u016fli v\u00e1\u017en\u00e9 nemoci a lhostejnosti tehdej\u0161\u00edho veterin\u00e1\u0159e jsme se z jeho p\u0159\u00edtomnosti bohu\u017eel dlouho neradovali a pot\u00e9, co n\u00e1\u0161 smutek odezn\u011bl, jsme se rozhodli adoptovat dal\u0161\u00edho pejska. Mondo byl v obou p\u0159\u00edpadech neskute\u010dn\u00fd. Navzdory tomu, \u017ee mu bylo p\u0159es 13 let, oba pejsky p\u0159ijal jako kdyby s nimi od mimina vyr\u016fstal. Hr\u00e1l si s nimi, staral se o n\u011b, a oni se na opl\u00e1tku starali o n\u011bj. Oml\u00e1dl vedle nich, ale \u010dasem se jeho zdravotn\u00ed stav za\u010dal zhor\u0161ovat. Mnohokr\u00e1t ale za n\u00e1mi b\u011b\u017eeli mla\u010fo\u0161i (k druh\u00e9mu adoptovan\u00e9mu miminu \u010dasem p\u0159ibyl je\u0161t\u011b jeden) volat o pomoc, kdy\u017e Mondovi bylo zle. A t\u0159et\u00ed z\u00e1\u0159ijovou sobotu u\u017e mu bohu\u017eel bylo tak moc zle, \u017ee mu nikdo nedok\u00e1zal pomoct. Ani veterin\u00e1\u0159, ani my. I kdy\u017e bychom za n\u011bj d\u00fdchali. Proto\u017ee on d\u00fdchal skoro 16 let za n\u00e1s.<\/p>\n<p>Kdy\u017e jsem mu naposledy \u0161eptala do ou\u0161ka v\u011bci, kter\u00e9 jsem mu cht\u011bla \u0159\u00edct, ne\u017e odejde do ps\u00edho nebe i on, za\u010dala jsem bre\u010det. Nedok\u00e1zala jsem si p\u0159edstavit, \u017ee u\u017e tady se mnou nebude. \u017de u\u017e s n\u00e1mi nikdy nepojede na \u017e\u00e1dn\u00fd v\u00fdlet. \u017de u\u017e m\u011b u rodi\u010d\u016f nikdy nep\u0159iv\u00edt\u00e1 a nebude hul\u00e1kat po \u017eerykovsku, a\u017e m\u011b uvid\u00ed ve dve\u0159\u00edch. U\u017e nikdy ho nechytnu za pacinku, nikdy ho nevezmu na proch\u00e1zku v ps\u00edm ko\u010d\u00e1\u0159e, kter\u00fd jsme mu koupili kv\u016fli probl\u00e9m\u016fm se srdcem a kv\u016fli kter\u00e9mu m\u011b v\u017edy zastavovali mil\u00ed d\u016fchodci s \u00fasm\u011bvem, \u017ee v d\u011btstv\u00ed podobn\u011b vozili \u0161t\u011b\u0148ata. Prost\u011b se t\u00edmhle cel\u00e9 na\u0161e p\u0159\u00e1telstv\u00ed uzav\u00edr\u00e1.<\/p>\n<p>Na\u0161i pro m\u011b byli hrdinov\u00e9, proto\u017ee s n\u00edm byli a\u017e do sam\u00e9ho konce. J\u00e1 se v \u010dek\u00e1rn\u011b m\u00e1lem zhroutila a m\u016fj p\u0159\u00edtel byl pro m\u011b v tu chv\u00edli velkou oporou, kdy\u017e m\u011b obj\u00edmal, ut\u00edral mi slzy a sna\u017eil se m\u011b citliv\u011b rozveselit, jak nejv\u00edc to \u0161lo. Neskute\u010dn\u011b mi pomohl. Kdy\u017e u\u017e jsem si myslela, \u017ee jsem se ztr\u00e1tou M. za\u010dala smi\u0159ovat, vr\u00e1til se smutek. P\u0159ipom\u00ednalo mi ho v\u0161echno. Kdykoliv jsem byla \u0161\u0165astn\u00e1, uv\u011bdomila jsem si, \u017ee s n\u00edm u\u017e tuhle radost nikdy nebudu moct sd\u00edlet. Kdykoliv bylo venku slun\u00ed\u010dko, vybavila jsem si, jak jsme ho brali na podzimn\u00ed proch\u00e1zky.<\/p>\n<p>A p\u0159esn\u011b v tuhle chv\u00edli tady byli na\u0161i, kte\u0159\u00ed toho mal\u00e9ho pejska, kter\u00fd se stal za dlouh\u00fdch 16 na\u0161im nejlep\u0161\u00edm p\u0159\u00edtelem, milovali stejn\u011b jako j\u00e1. Spole\u010dn\u011b jsme na n\u011bj vzpom\u00ednali, pos\u00edlali si jeho star\u0161\u00ed i nov\u011bj\u0161\u00ed fotky, pov\u00eddali si o n\u011bm, vzpom\u00ednali na legra\u010dn\u00ed chv\u00edle, kter\u00e9 jsme s n\u00edm za\u017eili, a moc mi to pomohlo.<\/p>\n<p>Za\u010dala jsem o n\u011bm uva\u017eovat jinak. Za\u010dala jsem p\u0159em\u00fd\u0161let nad t\u00edm, \u017ee ode\u0161el jen fyzicky. \u017de jeho du\u0161e je tady s n\u00e1mi po\u0159\u00e1d. \u017de i kdy\u017e je jeho pel\u00ed\u0161ek v kuchyni pr\u00e1zdn\u00fd, on v n\u011bm po\u0159\u00e1d je. Sleduje n\u00e1s, je s n\u00e1mi a dohl\u00ed\u017e\u00ed na n\u00e1s. Kousek od jeho m\u00edste\u010dka jsme pov\u011bsili na\u0161i obl\u00edbenou fotku, a tak nad n\u00e1ma zase dr\u017e\u00ed dozor, jako to d\u011blal v\u00edce ne\u017e polovinu m\u00e9ho \u017eivota.<\/p>\n<p>T\u00edmhle \u010dl\u00e1nkem chci \u0159\u00edct, \u017ee pokud si zrovna proch\u00e1z\u00edte t\u011b\u017ek\u00fdm obdob\u00edm kv\u016fli ztr\u00e1t\u011b va\u0161eho \u010dty\u0159noh\u00e9ho kamar\u00e1da, je to \u00fapln\u011b v po\u0159\u00e1dku. M\u016f\u017eete plakat, m\u016f\u017eete se pono\u0159it do smutku, m\u016f\u017ee v\u00e1m za n\u00edm b\u00fdt smutno, m\u016f\u017eete na n\u011bj vzpom\u00ednat a b\u00fdt stejn\u011b zlomen\u00ed, jako kdyby v\u00e1s opustil dvounoh\u00fd \u010dlen rodiny. Proto\u017ee takhle to p\u0159ece je, kdy\u017e n\u00e1s opust\u00ed n\u011bkdo, koho jsme m\u011bli r\u00e1di. Takhle p\u0159ece reagujeme. A je \u00fapln\u011b jedno, \u017ee nejde o \u010dlov\u011bka, ale o zv\u00ed\u0159e. Mnohdy je pes v\u011brn\u011bj\u0161\u00ed kamar\u00e1d, ne\u017e ten lidsk\u00fd.<\/p>\n<p>Zn\u00ed to jako stra\u0161n\u00e9 kli\u0161\u00e9, ale mysl\u00edm, \u017ee nejv\u011bt\u0161\u00edm l\u00e9kem na bolest je \u010das. Z\u00e1rove\u0148 si mysl\u00edm, \u017ee v m\u00e9m p\u0159\u00edpad\u011b bolest \u010dasem jen trochu otup\u00ed. Chci ale v\u0161echen ten smutek obr\u00e1tit ve vd\u011bk. Vd\u011bk za to, \u017ee jsem dlouhou dobu mohla m\u00edt tak skv\u011bl\u00e9ho kamar\u00e1da, kter\u00fd sice celou dobu ne\u0159ekl ani slovo, ale z\u00edskal si moje srdce. Je mi l\u00edto, \u017ee \u010dlov\u011bk, kter\u00fd se jej na za\u010d\u00e1tku jeho \u017eivota zbavil, nikdy nebude v\u011bd\u011bt o jak\u00fd poklad p\u0159i\u0161el.<\/p>\n<p>Z\u00e1v\u011brem chci jen podotknout, \u017ee ka\u017ed\u00fd z n\u00e1s m\u00e1 na tomhle sv\u011bt\u011b jen ur\u010dit\u00fd \u010das. Ten n\u00e1\u0161 taky jednou vypr\u0161\u00ed. A j\u00e1 v\u011b\u0159\u00edm, a chci v\u011b\u0159it, \u017ee potom se s nimi zase jednou sejdeme. Do t\u00e9 doby pracujme s t\u00edm, co je te\u010f. A sna\u017eme se ten \u010das spole\u010dn\u011b vyu\u017e\u00edt co nejl\u00e9pe. Chodit na proch\u00e1zky, omezit chv\u00edle, kdy na n\u00e1s n\u00e1\u0161 chlup\u00e1\u010d mus\u00ed \u010dekat doma. Proto\u017ee v jeho o\u010d\u00edch jsme my to jedin\u00e9, co oni ve sv\u00e9m \u017eivot\u011b maj\u00ed. A n\u011bkte\u0159\u00ed majitel\u00e9 si to bohu\u017eel uv\u011bdom\u00ed a\u017e ve chv\u00edli, kdy jim v ruce zbyde jen pr\u00e1zdn\u00e9 vod\u00edtko&#8230;<\/p>\n","protected":false},"excerpt":{"rendered":"<p>Mo\u017en\u00e1 jste te\u010f taky v situaci, kdy jste ztratili sv\u00e9ho par\u0165\u00e1ka a m\u00e1te v srdci pr\u00e1zdno. Dost p\u0159esn\u011b v\u00edm, jak se c\u00edt\u00edte. N\u00e1sleduj\u00edc\u00ed \u0159\u00e1dky jsem sepsala nejen proto\u017ee mi odjak\u017eiva pomohlo se v\u017edy ze sv\u00fdch pocit\u016f vypsat, ale tak\u00e9 aby lid\u00e9, kte\u0159\u00ed proch\u00e1z\u00ed podobn\u00fdm smutkem, v\u011bd\u011bli, \u017ee v tom rozhodn\u011b nejsou sami a je naprosto &hellip; <a href=\"http:\/\/www.ironicka-blondyna.cz\/index.php\/2022\/09\/27\/na-pamatku-memu-psimu-kamaradovi-a-vysvetleni-proc-je-normalni-odchod-mazlicka-oplakat\/\" class=\"more-link\">Continue reading <span class=\"screen-reader-text\">Na pam\u00e1tku m\u00e9mu ps\u00edmu kamar\u00e1dovi. A vysv\u011btlen\u00ed, pro\u010d je norm\u00e1ln\u00ed odchod mazl\u00ed\u010dka oplakat&#8230;<\/span><\/a><\/p>\n","protected":false},"author":1,"featured_media":1241,"comment_status":"open","ping_status":"open","sticky":false,"template":"","format":"standard","meta":{"jetpack_post_was_ever_published":false,"_jetpack_newsletter_access":"","_jetpack_dont_email_post_to_subs":false,"_jetpack_newsletter_tier_id":0,"_jetpack_memberships_contains_paywalled_content":false,"_jetpack_memberships_contains_paid_content":false,"footnotes":"","jetpack_publicize_message":"","jetpack_publicize_feature_enabled":true,"jetpack_social_post_already_shared":true,"jetpack_social_options":{"image_generator_settings":{"template":"highway","default_image_id":0,"font":"","enabled":false},"version":2}},"categories":[1],"tags":[],"class_list":["post-1237","post","type-post","status-publish","format-standard","has-post-thumbnail","hentry","category-uncategorized"],"jetpack_publicize_connections":[],"jetpack_featured_media_url":"https:\/\/i0.wp.com\/www.ironicka-blondyna.cz\/wp-content\/uploads\/2022\/09\/Novy-projekt.jpg?fit=1000%2C550","jetpack_sharing_enabled":true,"jetpack_shortlink":"https:\/\/wp.me\/pa81Mi-jX","jetpack-related-posts":[],"_links":{"self":[{"href":"http:\/\/www.ironicka-blondyna.cz\/index.php\/wp-json\/wp\/v2\/posts\/1237","targetHints":{"allow":["GET"]}}],"collection":[{"href":"http:\/\/www.ironicka-blondyna.cz\/index.php\/wp-json\/wp\/v2\/posts"}],"about":[{"href":"http:\/\/www.ironicka-blondyna.cz\/index.php\/wp-json\/wp\/v2\/types\/post"}],"author":[{"embeddable":true,"href":"http:\/\/www.ironicka-blondyna.cz\/index.php\/wp-json\/wp\/v2\/users\/1"}],"replies":[{"embeddable":true,"href":"http:\/\/www.ironicka-blondyna.cz\/index.php\/wp-json\/wp\/v2\/comments?post=1237"}],"version-history":[{"count":4,"href":"http:\/\/www.ironicka-blondyna.cz\/index.php\/wp-json\/wp\/v2\/posts\/1237\/revisions"}],"predecessor-version":[{"id":1248,"href":"http:\/\/www.ironicka-blondyna.cz\/index.php\/wp-json\/wp\/v2\/posts\/1237\/revisions\/1248"}],"wp:featuredmedia":[{"embeddable":true,"href":"http:\/\/www.ironicka-blondyna.cz\/index.php\/wp-json\/wp\/v2\/media\/1241"}],"wp:attachment":[{"href":"http:\/\/www.ironicka-blondyna.cz\/index.php\/wp-json\/wp\/v2\/media?parent=1237"}],"wp:term":[{"taxonomy":"category","embeddable":true,"href":"http:\/\/www.ironicka-blondyna.cz\/index.php\/wp-json\/wp\/v2\/categories?post=1237"},{"taxonomy":"post_tag","embeddable":true,"href":"http:\/\/www.ironicka-blondyna.cz\/index.php\/wp-json\/wp\/v2\/tags?post=1237"}],"curies":[{"name":"wp","href":"https:\/\/api.w.org\/{rel}","templated":true}]}}